{"id":75,"date":"2013-08-05T23:54:00","date_gmt":"2013-08-05T23:54:00","guid":{"rendered":"http:\/\/janamakeup.com.br\/testei-hidratante-facial-diario-cetaphil\/"},"modified":"2013-08-05T23:54:00","modified_gmt":"2013-08-05T23:54:00","slug":"testei-hidratante-facial-diario-cetaphil","status":"publish","type":"post","link":"https:\/\/janamakeup.com.br\/blog\/testei-hidratante-facial-diario-cetaphil\/","title":{"rendered":"#TESTEI: HIDRATANTE FACIAL DI\u00c1RIO CETAPHIL"},"content":{"rendered":"<div><a href=\"http:\/\/2.bp.blogspot.com\/-OXutaB_nRPc\/UgAvDIZbtAI\/AAAAAAAANFU\/wiGdrmCoYr0\/s1600\/ha-hare-37.jpg\" imageanchor=\"1\"><img loading=\"lazy\" decoding=\"async\" border=\"0\" height=\"426\" src=\"http:\/\/2.bp.blogspot.com\/-OXutaB_nRPc\/UgAvDIZbtAI\/AAAAAAAANFU\/wiGdrmCoYr0\/s640\/ha-hare-37.jpg\" width=\"640\" title=\"\" alt=\"\" \/><\/a><\/div>\n<div>.<\/div>\n<div><span>Oi amores, tudo bom? Recebi h\u00e1 alguns meses atr\u00e1s o hidratante facial di\u00e1rio da Cetaphil para testar e dar minha opini\u00e3o para voc\u00eas! Testei ele por bastante tempo, de diversas formas e climas para chegar na minha conclus\u00e3o final. Este \u00e9 um item de necessidade b\u00e1sica agora no inverno, quando a nossa pele tende a ficar mais ressecada. Vamos conferir?<\/span><\/div>\n<div><a href=\"http:\/\/3.bp.blogspot.com\/-bgo4eO8d-IU\/UgAvIuui4aI\/AAAAAAAANGA\/nwlzIITXIPM\/s1600\/ha-hare-39.jpg\" imageanchor=\"1\"><img loading=\"lazy\" decoding=\"async\" border=\"0\" height=\"640\" src=\"http:\/\/3.bp.blogspot.com\/-bgo4eO8d-IU\/UgAvIuui4aI\/AAAAAAAANGA\/nwlzIITXIPM\/s640\/ha-hare-39.jpg\" width=\"426\" title=\"\" alt=\"\" \/><\/a><\/div>\n<div>.<\/div>\n<div><span>O produto vem com 118ml, FPS 15 e protege a pele contra os raios UVA\/UVB (que s\u00e3o os grandes causadores do c\u00e2ncer de pele!)<\/span><\/div>\n<div><a href=\"http:\/\/3.bp.blogspot.com\/-ty21lRXYAFU\/UgAvHmhRMBI\/AAAAAAAANF4\/w7uvXBCkImQ\/s1600\/ha-hare-43.jpg\" imageanchor=\"1\"><img loading=\"lazy\" decoding=\"async\" border=\"0\" height=\"426\" src=\"http:\/\/3.bp.blogspot.com\/-ty21lRXYAFU\/UgAvHmhRMBI\/AAAAAAAANF4\/w7uvXBCkImQ\/s640\/ha-hare-43.jpg\" width=\"640\" title=\"\" alt=\"\" \/><\/a><\/div>\n<div>.<\/div>\n<div><span><span>O que o produto promete?<\/span>\u00a0O\u00a0<\/span><span>Hidratante Facial Di\u00e1rio com FPS 15 \u00e9 indicado para todo o tipo de pele. R<\/span><span>ep\u00f5e a umidade da pele sens\u00edvel, sem deixar sensa\u00e7\u00e3o de oleosidade. Ideal para a hidrata\u00e7\u00e3o e a prote\u00e7\u00e3o solar di\u00e1ria do rosto. Lo\u00e7\u00e3o suave, nutre e hidrata a pele protegendo dos danos solares. Com Parsol e Octocrylene que atuam juntos na prote\u00e7\u00e3o contra os raios UVA e UVB.<\/span><\/div>\n<div><a href=\"http:\/\/1.bp.blogspot.com\/-D2ZClaCyKnE\/UgAvHBvaKYI\/AAAAAAAANFw\/S2_VRePvelE\/s1600\/ha-hare-42.jpg\" imageanchor=\"1\"><img loading=\"lazy\" decoding=\"async\" border=\"0\" height=\"426\" src=\"http:\/\/1.bp.blogspot.com\/-D2ZClaCyKnE\/UgAvHBvaKYI\/AAAAAAAANFw\/S2_VRePvelE\/s640\/ha-hare-42.jpg\" width=\"640\" title=\"\" alt=\"\" \/><\/a><\/div>\n<div><\/div>\n<div><span>O meu rosto se adaptou melhor com o produto no inverno! Minha pele \u00e9 mista\/oleosa e nessa \u00e9poca do ano fica com v\u00e1rias partes ressecadas. Nesta situa\u00e7\u00e3o, a textura do produto ficou super leve e f\u00e1cil de absorver. No come\u00e7o \u00e9 um pouco gelado e aparenta ser pesado, mas em poucos minutos deixa uma sensa\u00e7\u00e3o sequinha na pele.<\/span><\/div>\n<div><span><br \/><\/span><\/div>\n<div><span>J\u00e1 em dias mais quentes, ele deixou minha pele pesada e n\u00e3o segurou a oleosidade durante o dia. Quem tem a pele seca vai amar esse hidratante!<\/span><\/div>\n<div><a href=\"http:\/\/4.bp.blogspot.com\/-4YbjgfFeyX8\/UgAvJio14II\/AAAAAAAANGM\/lTixTti3fNA\/s1600\/ha-hare-45.jpg\" imageanchor=\"1\"><img loading=\"lazy\" decoding=\"async\" border=\"0\" height=\"426\" src=\"http:\/\/4.bp.blogspot.com\/-4YbjgfFeyX8\/UgAvJio14II\/AAAAAAAANGM\/lTixTti3fNA\/s640\/ha-hare-45.jpg\" width=\"640\" title=\"\" alt=\"\" \/><\/a><\/div>\n<div><a href=\"http:\/\/2.bp.blogspot.com\/-veufsOiCATQ\/UgAvJnYbBbI\/AAAAAAAANGQ\/X3kN4kVCwZM\/s1600\/ha-hare-44.jpg\" imageanchor=\"1\"><img loading=\"lazy\" decoding=\"async\" border=\"0\" height=\"426\" src=\"http:\/\/2.bp.blogspot.com\/-veufsOiCATQ\/UgAvJnYbBbI\/AAAAAAAANGQ\/X3kN4kVCwZM\/s640\/ha-hare-44.jpg\" width=\"640\" title=\"\" alt=\"\" \/><\/a><\/div>\n<div>.<\/div>\n<div><span>A embalagem possui o &#8220;pump&#8221; que ajuda a tirar somente a quantidade necess\u00e1ria para uma aplica\u00e7\u00e3o. Estou utilizando todo dia pela manh\u00e3 antes da maquiagem.<\/span><\/div>\n<div><span><br \/><\/span><\/div>\n<div><span>Cetaphil \u00e9 do laborat\u00f3rio Galderma. Voc\u00ea encontra este hidratante em farm\u00e1cias e o pre\u00e7o varia de R$60 \u00e0 R$80<\/span><\/div>\n<div><span><br \/><\/span><\/div>\n<div><span>Algu\u00e9m j\u00e1 testou este produto? Deixem nos coment\u00e1rios!<\/span><\/div>\n<div><span><br \/><\/span><\/div>\n<div><span><br \/><\/span><\/div>\n<div><span><br \/><\/span><\/div>\n<div><span>Beijos e at\u00e9 o pr\u00f3ximo post!<\/span><\/div>\n<div><span>Jana Make Up<\/span><\/div>\n<p><\/p>\n<div><span><br \/><\/span><\/div>\n<div><\/div>\n<div><span><br \/><\/span><\/div>\n<div><\/div>\n<div><span><br \/><\/span><\/div>\n<div><span><br \/><\/span><\/div>\n<div><span><br \/><\/span><\/div>\n<p><\/p>\n<div><\/div>\n<!--CusAds0-->\n<div style=\"font-size: 0px; height: 0px; line-height: 0px; margin: 0; padding: 0; clear: both;\"><\/div>","protected":false},"excerpt":{"rendered":"<p>. Oi amores, tudo bom? Recebi h\u00e1 alguns meses atr\u00e1s o hidratante facial di\u00e1rio da Cetaphil para testar e dar minha opini\u00e3o para voc\u00eas! Testei ele por bastante tempo, de diversas formas e climas para chegar na minha conclus\u00e3o final. Este \u00e9 um item de necessidade b\u00e1sica agora no inverno, quando a nossa pele tende [&hellip;]<\/p>\n","protected":false},"author":1,"featured_media":0,"comment_status":"open","ping_status":"open","sticky":false,"template":"","format":"standard","meta":{"footnotes":""},"categories":[],"tags":[69,68],"class_list":["post-75","post","type-post","status-publish","format-standard","hentry","tag-cetaphil","tag-hidratantes"],"_links":{"self":[{"href":"https:\/\/janamakeup.com.br\/blog\/wp-json\/wp\/v2\/posts\/75","targetHints":{"allow":["GET"]}}],"collection":[{"href":"https:\/\/janamakeup.com.br\/blog\/wp-json\/wp\/v2\/posts"}],"about":[{"href":"https:\/\/janamakeup.com.br\/blog\/wp-json\/wp\/v2\/types\/post"}],"author":[{"embeddable":true,"href":"https:\/\/janamakeup.com.br\/blog\/wp-json\/wp\/v2\/users\/1"}],"replies":[{"embeddable":true,"href":"https:\/\/janamakeup.com.br\/blog\/wp-json\/wp\/v2\/comments?post=75"}],"version-history":[{"count":0,"href":"https:\/\/janamakeup.com.br\/blog\/wp-json\/wp\/v2\/posts\/75\/revisions"}],"wp:attachment":[{"href":"https:\/\/janamakeup.com.br\/blog\/wp-json\/wp\/v2\/media?parent=75"}],"wp:term":[{"taxonomy":"category","embeddable":true,"href":"https:\/\/janamakeup.com.br\/blog\/wp-json\/wp\/v2\/categories?post=75"},{"taxonomy":"post_tag","embeddable":true,"href":"https:\/\/janamakeup.com.br\/blog\/wp-json\/wp\/v2\/tags?post=75"}],"curies":[{"name":"wp","href":"https:\/\/api.w.org\/{rel}","templated":true}]}}