{"id":53,"date":"2013-08-31T05:03:00","date_gmt":"2013-08-31T05:03:00","guid":{"rendered":"http:\/\/janamakeup.com.br\/tutorial-como-fazer-laco-de-cabelo\/"},"modified":"2013-08-31T05:03:00","modified_gmt":"2013-08-31T05:03:00","slug":"tutorial-como-fazer-laco-de-cabelo","status":"publish","type":"post","link":"https:\/\/janamakeup.com.br\/blog\/tutorial-como-fazer-laco-de-cabelo\/","title":{"rendered":"TUTORIAL: COMO FAZER LA\u00c7O DE CABELO?"},"content":{"rendered":"<div><a href=\"http:\/\/1.bp.blogspot.com\/-nHU1gSt5LHw\/UiF3nvR6bVI\/AAAAAAAAN_o\/WuMfYPMV_LE\/s1600\/974499_10201976109471204_239138928_n.jpg\" imageanchor=\"1\"><img loading=\"lazy\" decoding=\"async\" border=\"0\" height=\"426\" src=\"http:\/\/1.bp.blogspot.com\/-nHU1gSt5LHw\/UiF3nvR6bVI\/AAAAAAAAN_o\/WuMfYPMV_LE\/s640\/974499_10201976109471204_239138928_n.jpg\" width=\"640\" title=\"\" alt=\"\" \/><\/a><\/div>\n<div>.<\/div>\n<p><span>Oi amores, tudo bom? Esses dias passeando pelo tumblr me deparei com uma foto de um penteado com la\u00e7o lateral, feito com o pr\u00f3prio cabelo mesmo! Achei super bonito e ap\u00f3s algumas tentativas percebi que \u00e9 super simples e f\u00e1cil. Hoje trago o tutorial completo para voc\u00eas arrasarem em festas, anivers\u00e1rios, fotos criativas e etc. Vamos conferir?<\/span><br \/><span><br \/><\/span><\/p>\n<p><span>Este penteado fica lindo para cabelos lisos e cacheados tamb\u00e9m! O meu cabelo \u00e9 fininho e n\u00e3o tem muito volume, funciona do mesmo jeito mas para as meninas de cabelo volumoso, \u00a0\u00e9 bem mais pr\u00e1tico e fica ainda mais bonito! Postei algumas fotos l\u00e1 no Instagram (<a href=\"http:\/\/instagram.com\/janamake\" target=\"_blank\">@janamake<\/a>) para mostrar o resultado final, confira:<\/span><\/p>\n<div><a href=\"http:\/\/4.bp.blogspot.com\/-BHaBa1YK3ZE\/UiF4hooaJAI\/AAAAAAAAN_w\/nReYEVGvBWI\/s1600\/1240243_608067565902919_532786937_n.jpg\" imageanchor=\"1\"><img loading=\"lazy\" decoding=\"async\" border=\"0\" height=\"318\" src=\"http:\/\/4.bp.blogspot.com\/-BHaBa1YK3ZE\/UiF4hooaJAI\/AAAAAAAAN_w\/nReYEVGvBWI\/s640\/1240243_608067565902919_532786937_n.jpg\" width=\"640\" title=\"\" alt=\"\" \/><\/a><\/div>\n<div>.<\/div>\n<div><span>\u00c9 super r\u00e1pido, pr\u00e1tico e os materiais todo mundo tem em casa! Que tal arrasar nesse final de semana?\u00a0<\/span><\/div>\n<div><span><br \/><\/span><\/div>\n<div><span>Espero que tenham gostado!<br \/><\/span><\/div>\n<div><span><br \/><\/span><\/div>\n<div><span>Beijos e at\u00e9 o pr\u00f3ximo post!<\/span><\/div>\n<div><span>Jana Make Up<\/span><\/div>\n<p><span><br \/><\/span><\/p>\n<!--CusAds0-->\n<div style=\"font-size: 0px; height: 0px; line-height: 0px; margin: 0; padding: 0; clear: both;\"><\/div>","protected":false},"excerpt":{"rendered":"<p>. Oi amores, tudo bom? Esses dias passeando pelo tumblr me deparei com uma foto de um penteado com la\u00e7o lateral, feito com o pr\u00f3prio cabelo mesmo! Achei super bonito e ap\u00f3s algumas tentativas percebi que \u00e9 super simples e f\u00e1cil. Hoje trago o tutorial completo para voc\u00eas arrasarem em festas, anivers\u00e1rios, fotos criativas e [&hellip;]<\/p>\n","protected":false},"author":1,"featured_media":0,"comment_status":"open","ping_status":"open","sticky":false,"template":"","format":"standard","meta":{"footnotes":""},"categories":[],"tags":[647,52],"class_list":["post-53","post","type-post","status-publish","format-standard","hentry","tag-cabelo","tag-penteados"],"_links":{"self":[{"href":"https:\/\/janamakeup.com.br\/blog\/wp-json\/wp\/v2\/posts\/53","targetHints":{"allow":["GET"]}}],"collection":[{"href":"https:\/\/janamakeup.com.br\/blog\/wp-json\/wp\/v2\/posts"}],"about":[{"href":"https:\/\/janamakeup.com.br\/blog\/wp-json\/wp\/v2\/types\/post"}],"author":[{"embeddable":true,"href":"https:\/\/janamakeup.com.br\/blog\/wp-json\/wp\/v2\/users\/1"}],"replies":[{"embeddable":true,"href":"https:\/\/janamakeup.com.br\/blog\/wp-json\/wp\/v2\/comments?post=53"}],"version-history":[{"count":1,"href":"https:\/\/janamakeup.com.br\/blog\/wp-json\/wp\/v2\/posts\/53\/revisions"}],"predecessor-version":[{"id":1393,"href":"https:\/\/janamakeup.com.br\/blog\/wp-json\/wp\/v2\/posts\/53\/revisions\/1393"}],"wp:attachment":[{"href":"https:\/\/janamakeup.com.br\/blog\/wp-json\/wp\/v2\/media?parent=53"}],"wp:term":[{"taxonomy":"category","embeddable":true,"href":"https:\/\/janamakeup.com.br\/blog\/wp-json\/wp\/v2\/categories?post=53"},{"taxonomy":"post_tag","embeddable":true,"href":"https:\/\/janamakeup.com.br\/blog\/wp-json\/wp\/v2\/tags?post=53"}],"curies":[{"name":"wp","href":"https:\/\/api.w.org\/{rel}","templated":true}]}}