{"id":458,"date":"2012-02-13T02:18:00","date_gmt":"2012-02-13T02:18:00","guid":{"rendered":"http:\/\/janamakeup.com.br\/grammy-awards-2012-looks\/"},"modified":"2012-02-13T02:18:00","modified_gmt":"2012-02-13T02:18:00","slug":"grammy-awards-2012-looks","status":"publish","type":"post","link":"https:\/\/janamakeup.com.br\/blog\/grammy-awards-2012-looks\/","title":{"rendered":"Grammy Awards 2012 &#8211; Looks"},"content":{"rendered":"<p><span>Na noite de ontem (12\/02\/12) aconteceu o Grammy Awards 2012 que \u00e9 uma das maiores premia\u00e7\u00f5es da m\u00fasica. Os looks das celebridades por sua vez, n\u00e3o poderia ficar de fora. Pra quem n\u00e3o viu, pode acompanhar aqui um pouquinho do que as famosas usaram na grande noite.<\/span><br \/><span><br \/><\/span><\/p>\n<div><a href=\"http:\/\/1.bp.blogspot.com\/-UGi6Sy03hjs\/Tzhv_D9Kz7I\/AAAAAAAAA80\/Xzh11DRZLi8\/s1600\/138825009.jpg\" imageanchor=\"1\"><img loading=\"lazy\" decoding=\"async\" border=\"0\" height=\"316\" src=\"http:\/\/1.bp.blogspot.com\/-UGi6Sy03hjs\/Tzhv_D9Kz7I\/AAAAAAAAA80\/Xzh11DRZLi8\/s640\/138825009.jpg\" width=\"640\" title=\"\" alt=\"\" \/><\/a><\/div>\n<div><a href=\"http:\/\/3.bp.blogspot.com\/-Ux1e5xku9CA\/TzhwB8_2IcI\/AAAAAAAAA88\/Zx09UKTbO5Y\/s1600\/138825735.jpg\" imageanchor=\"1\"><img loading=\"lazy\" decoding=\"async\" border=\"0\" height=\"316\" src=\"http:\/\/3.bp.blogspot.com\/-Ux1e5xku9CA\/TzhwB8_2IcI\/AAAAAAAAA88\/Zx09UKTbO5Y\/s640\/138825735.jpg\" width=\"640\" title=\"\" alt=\"\" \/><\/a><\/div>\n<div><a href=\"http:\/\/3.bp.blogspot.com\/-z6QScvyrNQo\/TzhwEGhqyuI\/AAAAAAAAA9E\/WpaklVF6JGY\/s1600\/138828359.jpg\" imageanchor=\"1\"><img loading=\"lazy\" decoding=\"async\" border=\"0\" height=\"316\" src=\"http:\/\/3.bp.blogspot.com\/-z6QScvyrNQo\/TzhwEGhqyuI\/AAAAAAAAA9E\/WpaklVF6JGY\/s640\/138828359.jpg\" width=\"640\" title=\"\" alt=\"\" \/><\/a><\/div>\n<div><a href=\"http:\/\/1.bp.blogspot.com\/-px4ysMHGev4\/TzhwG3kyxPI\/AAAAAAAAA9M\/E2Cz5KinNCA\/s1600\/138830731.jpg\" imageanchor=\"1\"><img loading=\"lazy\" decoding=\"async\" border=\"0\" height=\"316\" src=\"http:\/\/1.bp.blogspot.com\/-px4ysMHGev4\/TzhwG3kyxPI\/AAAAAAAAA9M\/E2Cz5KinNCA\/s640\/138830731.jpg\" width=\"640\" title=\"\" alt=\"\" \/><\/a><\/div>\n<div><a href=\"http:\/\/1.bp.blogspot.com\/-vcvc-I_5iiE\/TzhwJnKsk7I\/AAAAAAAAA9U\/6qGGIFFjha0\/s1600\/138833254.jpg\" imageanchor=\"1\"><img loading=\"lazy\" decoding=\"async\" border=\"0\" height=\"322\" src=\"http:\/\/1.bp.blogspot.com\/-vcvc-I_5iiE\/TzhwJnKsk7I\/AAAAAAAAA9U\/6qGGIFFjha0\/s640\/138833254.jpg\" width=\"640\" title=\"\" alt=\"\" \/><\/a><\/div>\n<div><a href=\"http:\/\/4.bp.blogspot.com\/-PUH-jhOcp0g\/TzhwMCAMp1I\/AAAAAAAAA9c\/5L_OiUlvB_M\/s1600\/138835762.jpg\" imageanchor=\"1\"><img loading=\"lazy\" decoding=\"async\" border=\"0\" height=\"314\" src=\"http:\/\/4.bp.blogspot.com\/-PUH-jhOcp0g\/TzhwMCAMp1I\/AAAAAAAAA9c\/5L_OiUlvB_M\/s640\/138835762.jpg\" width=\"640\" title=\"\" alt=\"\" \/><\/a><\/div>\n<div><a href=\"http:\/\/4.bp.blogspot.com\/-wW-amsaYkz0\/TzhwOgtbD4I\/AAAAAAAAA9k\/c87zojvbmH0\/s1600\/aa.jpg\" imageanchor=\"1\"><img loading=\"lazy\" decoding=\"async\" border=\"0\" height=\"322\" src=\"http:\/\/4.bp.blogspot.com\/-wW-amsaYkz0\/TzhwOgtbD4I\/AAAAAAAAA9k\/c87zojvbmH0\/s640\/aa.jpg\" width=\"640\" title=\"\" alt=\"\" \/><\/a><\/div>\n<div><a href=\"http:\/\/3.bp.blogspot.com\/-rzSzkBJZ6cY\/Tzh03-tolEI\/AAAAAAAAA9s\/VJHLUwvllZY\/s1600\/eeee.jpg\" imageanchor=\"1\"><img loading=\"lazy\" decoding=\"async\" border=\"0\" height=\"310\" src=\"http:\/\/3.bp.blogspot.com\/-rzSzkBJZ6cY\/Tzh03-tolEI\/AAAAAAAAA9s\/VJHLUwvllZY\/s640\/eeee.jpg\" width=\"640\" title=\"\" alt=\"\" \/><\/a><\/div>\n<p>\u00a0 <br \/>\u00a0<span>A <b>Adele<\/b> estava divina! Com o cabelo na altura dos ombros e um batom vermelho que contrastou perfeitamente com a pele clara. Sempre usando o &#8220;pretinho b\u00e1sico&#8221; que deixa ela com esse ar de chic! Pra mim, foi o melhor look. No ponto, sem exageros. O vestido tom pastel da <b>Kelly Rowland<\/b> ficou \u00f3timo na cor de pele dela, deixando um ar rom\u00e2ntico! Prefiro a <b>Katy Perry<\/b> assim, meiga, comportada e sem exagerar, mesmo com esse cabelo azul! Nada vulgar e ao mesmo tempo fina.<\/span><br \/><span><br \/><\/span><br \/><span>Algu\u00e9m me explica que visual \u00e9 esse da <b>Nicki Minaj<\/b>? Acho que o que tinha de &#8220;bizarro&#8221; no mundo, a Lady Gaga j\u00e1 lan\u00e7ou, ficou meio c\u00f3pia. Achei que ela n\u00e3o se deu bem, nessa tentativa de freira. Eu adorei o modelo do vestido da <b>Jessie J<\/b>, talvez s\u00f3 trocasse o tecido ou a estampa, mas o modelo caiu super bem!\u00a0<\/span><br \/><span><br \/><\/span><br \/><span>Ainda penso que num evento desse n\u00edvel, as famosas deveriam se importar com a beleza, n\u00e3o com a aten\u00e7\u00e3o que v\u00e3o chamar pela roupa mais bizarra. Os tr\u00eas ultimos looks, s\u00e3o modelos que eu me inspiraria pra criar o meu vestido. Souberam escolher um look realmente bonito pra tal situa\u00e7\u00e3o.\u00a0<\/span><br \/><span><br \/><\/span><br \/><span><b>E voc\u00eas o que acharam? Usariam algum dos modelos acima?\u00a0<\/b><\/span><br \/><span><br \/><\/span><\/p>\n<div><span>Beijos e at\u00e9 o pr\u00f3ximo post<\/span><\/div>\n<div><span>Jana Make Up\u00a0<\/span><\/div>\n<p><span><br \/><\/span><\/p>\n<!--CusAds0-->\n<div style=\"font-size: 0px; height: 0px; line-height: 0px; margin: 0; padding: 0; clear: both;\"><\/div>","protected":false},"excerpt":{"rendered":"<p>Na noite de ontem (12\/02\/12) aconteceu o Grammy Awards 2012 que \u00e9 uma das maiores premia\u00e7\u00f5es da m\u00fasica. Os looks das celebridades por sua vez, n\u00e3o poderia ficar de fora. Pra quem n\u00e3o viu, pode acompanhar aqui um pouquinho do que as famosas usaram na grande noite. \u00a0 \u00a0A Adele estava divina! Com o cabelo [&hellip;]<\/p>\n","protected":false},"author":1,"featured_media":0,"comment_status":"open","ping_status":"open","sticky":false,"template":"","format":"standard","meta":{"footnotes":""},"categories":[204],"tags":[340,304,382],"class_list":["post-458","post","type-post","status-publish","format-standard","hentry","category-looks","tag-celebridades","tag-famosas","tag-grammy"],"_links":{"self":[{"href":"https:\/\/janamakeup.com.br\/blog\/wp-json\/wp\/v2\/posts\/458","targetHints":{"allow":["GET"]}}],"collection":[{"href":"https:\/\/janamakeup.com.br\/blog\/wp-json\/wp\/v2\/posts"}],"about":[{"href":"https:\/\/janamakeup.com.br\/blog\/wp-json\/wp\/v2\/types\/post"}],"author":[{"embeddable":true,"href":"https:\/\/janamakeup.com.br\/blog\/wp-json\/wp\/v2\/users\/1"}],"replies":[{"embeddable":true,"href":"https:\/\/janamakeup.com.br\/blog\/wp-json\/wp\/v2\/comments?post=458"}],"version-history":[{"count":0,"href":"https:\/\/janamakeup.com.br\/blog\/wp-json\/wp\/v2\/posts\/458\/revisions"}],"wp:attachment":[{"href":"https:\/\/janamakeup.com.br\/blog\/wp-json\/wp\/v2\/media?parent=458"}],"wp:term":[{"taxonomy":"category","embeddable":true,"href":"https:\/\/janamakeup.com.br\/blog\/wp-json\/wp\/v2\/categories?post=458"},{"taxonomy":"post_tag","embeddable":true,"href":"https:\/\/janamakeup.com.br\/blog\/wp-json\/wp\/v2\/tags?post=458"}],"curies":[{"name":"wp","href":"https:\/\/api.w.org\/{rel}","templated":true}]}}