{"id":363,"date":"2012-07-10T03:59:00","date_gmt":"2012-07-10T03:59:00","guid":{"rendered":"http:\/\/janamakeup.com.br\/protetores-labiais-blistex\/"},"modified":"2012-07-10T03:59:00","modified_gmt":"2012-07-10T03:59:00","slug":"protetores-labiais-blistex","status":"publish","type":"post","link":"https:\/\/janamakeup.com.br\/blog\/protetores-labiais-blistex\/","title":{"rendered":"Protetores Labiais: Blistex"},"content":{"rendered":"<p><span>Oi meninas! Com o inverno se aproximando, nada melhor do que dicas de lipbalms (protetores labiais) de boa qualidade n\u00e9? Um dos nossos maiores vil\u00f5es nessa \u00e9poca do ano \u00e9 o ressecamento dos l\u00e1bios, que deixa com aquela apar\u00eancia feia, sem falar na dor desagrad\u00e1vel.<b><span>\u00a0Eu sou uma completa viciada por lipbalms.<\/span><\/b> Antes, usava apenas a famosa &#8220;manteiga de cacau&#8221; mas n\u00e3o era o suficiente. <i>Meus l\u00e1bios sempre ficam muito ressecados nessa \u00e9poca do ano e \u00e9 como se eu estivesse usando um batom vermelho completamente borrado.<\/i> N\u00e3o precisa nem estar muito frio, quando chega Junho\/Julho meus l\u00e1bios ressecam, ficam vermelhos e ardem muito. Minha \u00fanica solu\u00e7\u00e3o \u00e9 correr para estes &#8220;queridinhos&#8221; e manter a hidrata\u00e7\u00e3o di\u00e1ria dos l\u00e1bios.<\/span><br \/><span><br \/><\/span><\/p>\n<div><a aaaaaaaacr8=\"\" beqgbdfx6zk=\"\" delinea68.jpg href=\"http:\/\/2.bp.blogspot.com\/-UEq6kb41FRI\/T_uj85IJbHI\/AAAAAAAACTw\/xKlKQIBu65k\/s1600\/newpostslove-19.jpg\" http:=\"\" imageanchor=\"1\" s1600=\"\" t_pshrq8sbi=\"\"><img loading=\"lazy\" decoding=\"async\" alt=\"\" height=\"935\" src=\"http:\/\/2.bp.blogspot.com\/-UEq6kb41FRI\/T_uj85IJbHI\/AAAAAAAACTw\/xKlKQIBu65k\/s1600\/newpostslove-19.jpg\" title=\"Blistex\" width=\"623\" \/><\/a><\/div>\n<p><span><br \/><\/span><br \/><span>No in\u00edcio do m\u00eas de Junho eu recebi da <a href=\"http:\/\/boracolega.loja2.com.br\/\">Bora Colega Shop<\/a> alguns produtos para testar e juntamente este lipbalm da Blistex. Blistex \u00e9 uma marca famosa de lipbalms e muito utilizada nos Estados Unidos. O sabor dele \u00e9 algo como: <span>Explos\u00e3o de framboesa e limonada.<\/span> Ele tem fator de prote\u00e7\u00e3o 15 e 4,25g de produto. \u00c9 algo completamente viciante, estou usando muito! Ele \u00e9 pequeninho, compacto e vive sempre na minha bolsa. Um sabor c\u00edtrico com um toque adocicado pela framboesa. Eu usei e adorei tanto este produto que ele entrou nos meus favoritos do m\u00eas de Junho.\u00a0<\/span><br \/><span><br \/><\/span><\/p>\n<div><a href=\"http:\/\/2.bp.blogspot.com\/-3bJC6dgpxu0\/T_ulYpTVTJI\/AAAAAAAACUU\/voMIQMaFf1I\/s1600\/newpostslove-17.jpg\" imageanchor=\"1\"><img loading=\"lazy\" decoding=\"async\" border=\"0\" height=\"426\" src=\"http:\/\/2.bp.blogspot.com\/-3bJC6dgpxu0\/T_ulYpTVTJI\/AAAAAAAACUU\/voMIQMaFf1I\/s640\/newpostslove-17.jpg\" width=\"640\" title=\"\" alt=\"\" \/><\/a><\/div>\n<div><a href=\"http:\/\/1.bp.blogspot.com\/-TP8sDTDyd-c\/T_ulSqTpI6I\/AAAAAAAACUA\/1LVGPtRwPk4\/s1600\/newpostslove-21.jpg\" imageanchor=\"1\"><img loading=\"lazy\" decoding=\"async\" border=\"0\" height=\"426\" src=\"http:\/\/1.bp.blogspot.com\/-TP8sDTDyd-c\/T_ulSqTpI6I\/AAAAAAAACUA\/1LVGPtRwPk4\/s640\/newpostslove-21.jpg\" width=\"640\" title=\"\" alt=\"\" \/><\/a><\/div>\n<div><a href=\"http:\/\/3.bp.blogspot.com\/-6uZv5wYT5NA\/T_ulUGd3_SI\/AAAAAAAACUI\/QP1v3FN2KYQ\/s1600\/newpostslove-23.jpg\" imageanchor=\"1\"><img loading=\"lazy\" decoding=\"async\" border=\"0\" height=\"426\" src=\"http:\/\/3.bp.blogspot.com\/-6uZv5wYT5NA\/T_ulUGd3_SI\/AAAAAAAACUI\/QP1v3FN2KYQ\/s640\/newpostslove-23.jpg\" width=\"640\" title=\"\" alt=\"\" \/><\/a><\/div>\n<p>\u00a0<span>Quando os meus l\u00e1bios est\u00e3o muito queimados, o \u00fanico que consegue recuperar rapidamente a hidrata\u00e7\u00e3o \u00e9 o Rosebud Salve. Mas em situa\u00e7\u00f5es normais, para hidratar os l\u00e1bios diariamente, ele \u00e9 uma \u00f3tima pedida. O pre\u00e7o \u00e9 super camarada e o gostinho \u00e9 uma del\u00edcia! Voc\u00ea pode encontrar este e outros produtos na <a href=\"http:\/\/boracolega.loja2.com.br\/\"><b>Bora Colega Shop<\/b><\/a> <span>e ganhe 5% de desconto utilizando o c\u00f3digo &#8220;janamakeup&#8221; no final da compra.<\/span>\u00a0<a href=\"http:\/\/boracolega.loja2.com.br\/\">(CLIQUE AQUI)<\/a>.\u00a0<\/span><br \/><span><br \/><\/span><br \/><span><b>Algu\u00e9m j\u00e1 utilizou este protetor labial? Quais s\u00e3o os seus preferidos?<\/b><\/span><br \/><span><b><br \/><\/b><\/span><br \/><span><b><br \/><\/b><\/span><\/p>\n<div><span>Beijos e at\u00e9 o pr\u00f3ximo post!<\/span><\/div>\n<div><span>Jana Make Up<\/span><\/div>\n<p><span><br \/><\/span><\/p>\n<!--CusAds0-->\n<div style=\"font-size: 0px; height: 0px; line-height: 0px; margin: 0; padding: 0; clear: both;\"><\/div>","protected":false},"excerpt":{"rendered":"<p>Oi meninas! Com o inverno se aproximando, nada melhor do que dicas de lipbalms (protetores labiais) de boa qualidade n\u00e9? Um dos nossos maiores vil\u00f5es nessa \u00e9poca do ano \u00e9 o ressecamento dos l\u00e1bios, que deixa com aquela apar\u00eancia feia, sem falar na dor desagrad\u00e1vel.\u00a0Eu sou uma completa viciada por lipbalms. Antes, usava apenas a [&hellip;]<\/p>\n","protected":false},"author":1,"featured_media":0,"comment_status":"open","ping_status":"open","sticky":false,"template":"","format":"standard","meta":{"footnotes":""},"categories":[],"tags":[176,86,669,347],"class_list":["post-363","post","type-post","status-publish","format-standard","hentry","tag-blistex","tag-bora-colega-shop","tag-janamakeup","tag-lipbalms"],"_links":{"self":[{"href":"https:\/\/janamakeup.com.br\/blog\/wp-json\/wp\/v2\/posts\/363","targetHints":{"allow":["GET"]}}],"collection":[{"href":"https:\/\/janamakeup.com.br\/blog\/wp-json\/wp\/v2\/posts"}],"about":[{"href":"https:\/\/janamakeup.com.br\/blog\/wp-json\/wp\/v2\/types\/post"}],"author":[{"embeddable":true,"href":"https:\/\/janamakeup.com.br\/blog\/wp-json\/wp\/v2\/users\/1"}],"replies":[{"embeddable":true,"href":"https:\/\/janamakeup.com.br\/blog\/wp-json\/wp\/v2\/comments?post=363"}],"version-history":[{"count":0,"href":"https:\/\/janamakeup.com.br\/blog\/wp-json\/wp\/v2\/posts\/363\/revisions"}],"wp:attachment":[{"href":"https:\/\/janamakeup.com.br\/blog\/wp-json\/wp\/v2\/media?parent=363"}],"wp:term":[{"taxonomy":"category","embeddable":true,"href":"https:\/\/janamakeup.com.br\/blog\/wp-json\/wp\/v2\/categories?post=363"},{"taxonomy":"post_tag","embeddable":true,"href":"https:\/\/janamakeup.com.br\/blog\/wp-json\/wp\/v2\/tags?post=363"}],"curies":[{"name":"wp","href":"https:\/\/api.w.org\/{rel}","templated":true}]}}