{"id":336,"date":"2012-08-14T04:26:00","date_gmt":"2012-08-14T04:26:00","guid":{"rendered":"http:\/\/janamakeup.com.br\/o-preto-que-nao-sai-de-moda\/"},"modified":"2012-08-14T04:26:00","modified_gmt":"2012-08-14T04:26:00","slug":"o-preto-que-nao-sai-de-moda","status":"publish","type":"post","link":"https:\/\/janamakeup.com.br\/blog\/o-preto-que-nao-sai-de-moda\/","title":{"rendered":"O Preto que n\u00e3o sai de Moda!"},"content":{"rendered":"<p><span>Oi meninas!\u00a0Quando falamos em moda, um dos maiores dilemas femininos \u00e9 <b>o que escolher para vestir em determinada ocasi\u00e3o.<\/b> Quem nunca se viu em meio a esta d\u00favida do look perfeito? Para as admiradoras de uma produ\u00e7\u00e3o mais vers\u00e1til e repleta de classe, \u00a0o preto segue como \u201c a cor da vez\u201d. <b>Vamos conferir as dicas?<\/b><\/span><\/p>\n<div><a href=\"http:\/\/i.imgur.com\/IAj6C.jpg\" imageanchor=\"1\"><img loading=\"lazy\" decoding=\"async\" border=\"0\" height=\"873\" src=\"http:\/\/i.imgur.com\/IAj6C.jpg\" width=\"623\" title=\"\" alt=\"\" \/><\/a><\/div>\n<div><\/div>\n<div>\n<div><span>O tom cai bem em qualquer tipo f\u00edsico e nesta temporada chegou cheio de novidades ao closet feminino. <b><i>Pe\u00e7as como blazers e vestidos v\u00eam mais elaboradas com drapeados, cortes que destacam a silhueta, al\u00e9m de pedrarias e paet\u00eas.<\/i><\/b><\/span><\/div>\n<div><span>Inspirada na onda <b><span>\u201cBack to Black\u201d<\/span><\/b>, a grife paulista <b><a href=\"http:\/\/www.metoo.com.br\/\">Me Too<\/a><\/b> apresenta a sua cole\u00e7\u00e3o Ver\u00e3o 2013. Composta por pe\u00e7as que promovem uma mistura do belo com o cl\u00e1ssico, atrav\u00e9s de cores como o pr\u00f3prio preto. Ele que faz da moda, uma forma de arte no cotidiano da mulher contempor\u00e2nea.<\/span><\/p>\n<div><a href=\"http:\/\/i.imgur.com\/xTvlL.jpg\" imageanchor=\"1\"><img loading=\"lazy\" decoding=\"async\" border=\"0\" height=\"872\" src=\"http:\/\/i.imgur.com\/xTvlL.jpg\" width=\"623\" title=\"\" alt=\"\" \/><\/a><\/div>\n<\/div>\n<div><span>Desde Coco Chanel, o tom abandonou o estere\u00f3tipo de \u201ccor funeral\u201d e \u00e9 sin\u00f4nimo de poder e eleg\u00e2ncia. Apostar em combina\u00e7\u00f5es que envolvem o preto \u00e9 garantia de acerto no resultado final da produ\u00e7\u00e3o. Destaque para o contraste provocado em mulheres de pele mais clara, onde o charme \u00e9 ainda mais evidente.\u00a0<\/span><\/p>\n<div><a href=\"http:\/\/i.imgur.com\/nKf5n.jpg\" imageanchor=\"1\"><img loading=\"lazy\" decoding=\"async\" border=\"0\" height=\"856\" src=\"http:\/\/i.imgur.com\/nKf5n.jpg\" width=\"623\" title=\"\" alt=\"\" \/><\/a><\/div>\n<p><span><i>Release enviado pela acessoria de imprensa da marca.<\/i><\/span><br \/><span><br \/><\/span><\/p>\n<div><span>Beijos e at\u00e9 o pr\u00f3ximo post!<\/span><\/div>\n<div><span>Jana Make Up<\/span><\/div>\n<p><span><br \/><\/span><\/div>\n<\/div>\n<!--CusAds0-->\n<div style=\"font-size: 0px; height: 0px; line-height: 0px; margin: 0; padding: 0; clear: both;\"><\/div>","protected":false},"excerpt":{"rendered":"<p>Oi meninas!\u00a0Quando falamos em moda, um dos maiores dilemas femininos \u00e9 o que escolher para vestir em determinada ocasi\u00e3o. Quem nunca se viu em meio a esta d\u00favida do look perfeito? Para as admiradoras de uma produ\u00e7\u00e3o mais vers\u00e1til e repleta de classe, \u00a0o preto segue como \u201c a cor da vez\u201d. Vamos conferir as [&hellip;]<\/p>\n","protected":false},"author":1,"featured_media":0,"comment_status":"open","ping_status":"open","sticky":false,"template":"","format":"standard","meta":{"footnotes":""},"categories":[],"tags":[111,669,299,293,292],"class_list":["post-336","post","type-post","status-publish","format-standard","hentry","tag-dicas","tag-janamakeup","tag-me-too","tag-moda","tag-tendencias"],"_links":{"self":[{"href":"https:\/\/janamakeup.com.br\/blog\/wp-json\/wp\/v2\/posts\/336","targetHints":{"allow":["GET"]}}],"collection":[{"href":"https:\/\/janamakeup.com.br\/blog\/wp-json\/wp\/v2\/posts"}],"about":[{"href":"https:\/\/janamakeup.com.br\/blog\/wp-json\/wp\/v2\/types\/post"}],"author":[{"embeddable":true,"href":"https:\/\/janamakeup.com.br\/blog\/wp-json\/wp\/v2\/users\/1"}],"replies":[{"embeddable":true,"href":"https:\/\/janamakeup.com.br\/blog\/wp-json\/wp\/v2\/comments?post=336"}],"version-history":[{"count":0,"href":"https:\/\/janamakeup.com.br\/blog\/wp-json\/wp\/v2\/posts\/336\/revisions"}],"wp:attachment":[{"href":"https:\/\/janamakeup.com.br\/blog\/wp-json\/wp\/v2\/media?parent=336"}],"wp:term":[{"taxonomy":"category","embeddable":true,"href":"https:\/\/janamakeup.com.br\/blog\/wp-json\/wp\/v2\/categories?post=336"},{"taxonomy":"post_tag","embeddable":true,"href":"https:\/\/janamakeup.com.br\/blog\/wp-json\/wp\/v2\/tags?post=336"}],"curies":[{"name":"wp","href":"https:\/\/api.w.org\/{rel}","templated":true}]}}