{"id":330,"date":"2012-08-17T12:43:00","date_gmt":"2012-08-17T12:43:00","guid":{"rendered":"http:\/\/janamakeup.com.br\/moda-aposte-no-short\/"},"modified":"2012-08-17T12:43:00","modified_gmt":"2012-08-17T12:43:00","slug":"moda-aposte-no-short","status":"publish","type":"post","link":"https:\/\/janamakeup.com.br\/blog\/moda-aposte-no-short\/","title":{"rendered":"Moda: Aposte no Short!"},"content":{"rendered":"<p><span>Oi meninas!\u00a0Com uma infinidade de modelos, cores, tecidos, os shorts seguem com tudo e podem ser usados em qualquer esta\u00e7\u00e3o do ano. No calor ou para os dias mais frios, a pe\u00e7a segue como uma das queridinhas no nosso closet e para esta temporada, as op\u00e7\u00f5es que fazem a cabe\u00e7a do p\u00fablico feminino s\u00e3o as jeans ou em couro. <b>Vamos conferir?<\/b><\/span><\/p>\n<div><a href=\"http:\/\/4.bp.blogspot.com\/-Wnf-dKEy41g\/UC25wn96ogI\/AAAAAAAADJM\/ODqZwRppIao\/s1600\/FotosMeToo.page15.jpg\" imageanchor=\"1\"><img loading=\"lazy\" decoding=\"async\" border=\"0\" height=\"864\" src=\"http:\/\/4.bp.blogspot.com\/-Wnf-dKEy41g\/UC25wn96ogI\/AAAAAAAADJM\/ODqZwRppIao\/s640\/FotosMeToo.page15.jpg\" width=\"623\" title=\"\" alt=\"\" \/><\/a><\/div>\n<div><\/div>\n<div><span>Para dar um toque mais usual no look, o short jeans com tons mais escuros e uma lavagem bem marcada, agrega charme e deixa a produ\u00e7\u00e3o mais viva e moderna. Aposte na combina\u00e7\u00e3o com blusas ou camisas com tecidos mais soltos, al\u00e9m de acess\u00f3rios como as maxi pulseiras.<\/span><\/div>\n<div><a href=\"http:\/\/i.imgur.com\/aoUON.jpg\" imageanchor=\"1\"><img loading=\"lazy\" decoding=\"async\" border=\"0\" height=\"875\" src=\"http:\/\/i.imgur.com\/aoUON.jpg\" width=\"623\" title=\"\" alt=\"\" \/><\/a><\/div>\n<div><\/div>\n<div><span>Em S\u00e3o Paulo, a <b><a href=\"http:\/\/www.metoo.com.br\/\">Me Too<\/a><\/b> apresenta a sua cole\u00e7\u00e3o para 2013 e explora o imagin\u00e1rio feminino com pe\u00e7as que transmitem o belo por meio de um universo de significados. Onde, a ordem \u00e9 fazer da moda, uma forma de expressar a beleza natural da mulher. E nada melhor do que o short para mostrar que o b\u00e1sico do nosso dia-a-dia, tamb\u00e9m pode ser sin\u00f4nimo de muita eleg\u00e2ncia. <b>Vale investir!<\/b><\/span><\/div>\n<div><b><br \/><\/b><\/div>\n<div><span>Voc\u00ea encontra outros modelos<\/span><span>\u00a0<\/span><b><a href=\"http:\/\/www.muccashop.com.br\/short-feminino\/\"><span>clicando aqui.\u00a0<\/span><\/a><\/b><\/div>\n<div><span><b><br \/><\/b><\/span><\/div>\n<div><i><span>Release enviado pela acessoria de imprensa da marca &#8211; Postado gratuitamente.<\/span><\/i><\/div>\n<div><\/div>\n<div><\/div>\n<div><span>Beijos e at\u00e9 o pr\u00f3ximo post!<\/span><\/div>\n<div><span>Jana Make Up<\/span><\/div>\n<p><\/p>\n<div><\/div>\n<p><span><br \/><\/span><span><br \/><\/span><\/p>\n<div><\/div>\n<!--CusAds0-->\n<div style=\"font-size: 0px; height: 0px; line-height: 0px; margin: 0; padding: 0; clear: both;\"><\/div>","protected":false},"excerpt":{"rendered":"<p>Oi meninas!\u00a0Com uma infinidade de modelos, cores, tecidos, os shorts seguem com tudo e podem ser usados em qualquer esta\u00e7\u00e3o do ano. No calor ou para os dias mais frios, a pe\u00e7a segue como uma das queridinhas no nosso closet e para esta temporada, as op\u00e7\u00f5es que fazem a cabe\u00e7a do p\u00fablico feminino s\u00e3o as [&hellip;]<\/p>\n","protected":false},"author":1,"featured_media":0,"comment_status":"open","ping_status":"open","sticky":false,"template":"","format":"standard","meta":{"footnotes":""},"categories":[],"tags":[669,299,293,298,278,292],"class_list":["post-330","post","type-post","status-publish","format-standard","hentry","tag-janamakeup","tag-me-too","tag-moda","tag-post-gratuito","tag-short","tag-tendencias"],"_links":{"self":[{"href":"https:\/\/janamakeup.com.br\/blog\/wp-json\/wp\/v2\/posts\/330","targetHints":{"allow":["GET"]}}],"collection":[{"href":"https:\/\/janamakeup.com.br\/blog\/wp-json\/wp\/v2\/posts"}],"about":[{"href":"https:\/\/janamakeup.com.br\/blog\/wp-json\/wp\/v2\/types\/post"}],"author":[{"embeddable":true,"href":"https:\/\/janamakeup.com.br\/blog\/wp-json\/wp\/v2\/users\/1"}],"replies":[{"embeddable":true,"href":"https:\/\/janamakeup.com.br\/blog\/wp-json\/wp\/v2\/comments?post=330"}],"version-history":[{"count":0,"href":"https:\/\/janamakeup.com.br\/blog\/wp-json\/wp\/v2\/posts\/330\/revisions"}],"wp:attachment":[{"href":"https:\/\/janamakeup.com.br\/blog\/wp-json\/wp\/v2\/media?parent=330"}],"wp:term":[{"taxonomy":"category","embeddable":true,"href":"https:\/\/janamakeup.com.br\/blog\/wp-json\/wp\/v2\/categories?post=330"},{"taxonomy":"post_tag","embeddable":true,"href":"https:\/\/janamakeup.com.br\/blog\/wp-json\/wp\/v2\/tags?post=330"}],"curies":[{"name":"wp","href":"https:\/\/api.w.org\/{rel}","templated":true}]}}