{"id":2255,"date":"2014-04-10T18:23:47","date_gmt":"2014-04-10T18:23:47","guid":{"rendered":"http:\/\/janamakeup.com.br\/?p=2255"},"modified":"2014-04-10T18:26:00","modified_gmt":"2014-04-10T18:26:00","slug":"jana-em-sp-spfw-dia-3","status":"publish","type":"post","link":"https:\/\/janamakeup.com.br\/blog\/jana-em-sp-spfw-dia-3\/","title":{"rendered":"Jana em SP: SPFW dia 3!"},"content":{"rendered":"<p>Oi amores, tudo bem? J\u00e1 estou em casa novamente \\o\/ Voltei para Joinville super atarefada e com muito conte\u00fado para liberar aqui no blog! <span style=\"color: #ff99cc;\">#todascomemora<\/span>\u00a0\u2665 No post de hoje, trago mais algumas fotos da semana de moda que aconteceu em S\u00e3o Paulo na semana passada. Dessa vez com o look que usei no terceiro dia do evento! Al\u00e9m dos desfiles super legais que rolaram nesse dia (inclusive do estilista Ronaldo Fraga, que eu amei!), tamb\u00e9m tivemos uma &#8220;mini palestra&#8221; para conhecer de pertinho como foi todo o processo de cria\u00e7\u00e3o do novo perfume &#8220;Barroco Tropical&#8221; de o Botic\u00e1rio. \u00c9 sempre muito bacana entender e perceber todo o cuidado e estudo que tem por tr\u00e1s dos lan\u00e7amentos das marcas. Legal n\u00e9? Vamos conferir?<\/p>\n<p><a href=\"http:\/\/https:\/\/janamakeup.com.br\/blog\/wp-content\/uploads\/2014\/04\/Jana-7811.jpg\"><img loading=\"lazy\" decoding=\"async\" class=\"aligncenter size-full wp-image-2267\" alt=\"Jana-7811\" src=\"http:\/\/https:\/\/janamakeup.com.br\/blog\/wp-content\/uploads\/2014\/04\/Jana-7811.jpg\" width=\"1890\" height=\"2835\" srcset=\"https:\/\/janamakeup.com.br\/blog\/wp-content\/uploads\/2014\/04\/Jana-7811.jpg 1890w, https:\/\/janamakeup.com.br\/blog\/wp-content\/uploads\/2014\/04\/Jana-7811-200x300.jpg 200w, https:\/\/janamakeup.com.br\/blog\/wp-content\/uploads\/2014\/04\/Jana-7811-682x1024.jpg 682w\" sizes=\"auto, (max-width: 1890px) 100vw, 1890px\" \/><\/a><a href=\"http:\/\/https:\/\/janamakeup.com.br\/blog\/wp-content\/uploads\/2014\/04\/Jana-7814.jpg\"><img loading=\"lazy\" decoding=\"async\" class=\"aligncenter size-full wp-image-2268\" alt=\"Jana-7814\" src=\"http:\/\/https:\/\/janamakeup.com.br\/blog\/wp-content\/uploads\/2014\/04\/Jana-7814.jpg\" width=\"1890\" height=\"2835\" srcset=\"https:\/\/janamakeup.com.br\/blog\/wp-content\/uploads\/2014\/04\/Jana-7814.jpg 1890w, https:\/\/janamakeup.com.br\/blog\/wp-content\/uploads\/2014\/04\/Jana-7814-200x300.jpg 200w, https:\/\/janamakeup.com.br\/blog\/wp-content\/uploads\/2014\/04\/Jana-7814-682x1024.jpg 682w\" sizes=\"auto, (max-width: 1890px) 100vw, 1890px\" \/><\/a><a href=\"http:\/\/https:\/\/janamakeup.com.br\/blog\/wp-content\/uploads\/2014\/04\/Jana-7799.jpg\"><img loading=\"lazy\" decoding=\"async\" class=\"aligncenter size-full wp-image-2263\" alt=\"Jana-7799\" src=\"http:\/\/https:\/\/janamakeup.com.br\/blog\/wp-content\/uploads\/2014\/04\/Jana-7799.jpg\" width=\"1890\" height=\"2835\" srcset=\"https:\/\/janamakeup.com.br\/blog\/wp-content\/uploads\/2014\/04\/Jana-7799.jpg 1890w, https:\/\/janamakeup.com.br\/blog\/wp-content\/uploads\/2014\/04\/Jana-7799-200x300.jpg 200w, https:\/\/janamakeup.com.br\/blog\/wp-content\/uploads\/2014\/04\/Jana-7799-682x1024.jpg 682w\" sizes=\"auto, (max-width: 1890px) 100vw, 1890px\" \/><\/a><a href=\"http:\/\/https:\/\/janamakeup.com.br\/blog\/wp-content\/uploads\/2014\/04\/Jana-7802.jpg\"><img loading=\"lazy\" decoding=\"async\" class=\"aligncenter size-full wp-image-2264\" alt=\"Jana-7802\" src=\"http:\/\/https:\/\/janamakeup.com.br\/blog\/wp-content\/uploads\/2014\/04\/Jana-7802.jpg\" width=\"2835\" height=\"1890\" srcset=\"https:\/\/janamakeup.com.br\/blog\/wp-content\/uploads\/2014\/04\/Jana-7802.jpg 2835w, https:\/\/janamakeup.com.br\/blog\/wp-content\/uploads\/2014\/04\/Jana-7802-300x200.jpg 300w, https:\/\/janamakeup.com.br\/blog\/wp-content\/uploads\/2014\/04\/Jana-7802-1024x682.jpg 1024w\" sizes=\"auto, (max-width: 2835px) 100vw, 2835px\" \/><\/a><a href=\"http:\/\/https:\/\/janamakeup.com.br\/blog\/wp-content\/uploads\/2014\/04\/Jana-7822.jpg\"><img loading=\"lazy\" decoding=\"async\" class=\"aligncenter size-full wp-image-2269\" alt=\"Jana-7822\" src=\"http:\/\/https:\/\/janamakeup.com.br\/blog\/wp-content\/uploads\/2014\/04\/Jana-7822.jpg\" width=\"1890\" height=\"2835\" srcset=\"https:\/\/janamakeup.com.br\/blog\/wp-content\/uploads\/2014\/04\/Jana-7822.jpg 1890w, https:\/\/janamakeup.com.br\/blog\/wp-content\/uploads\/2014\/04\/Jana-7822-200x300.jpg 200w, https:\/\/janamakeup.com.br\/blog\/wp-content\/uploads\/2014\/04\/Jana-7822-682x1024.jpg 682w\" sizes=\"auto, (max-width: 1890px) 100vw, 1890px\" \/><\/a><a href=\"http:\/\/https:\/\/janamakeup.com.br\/blog\/wp-content\/uploads\/2014\/04\/Batepapo_perfume-7758.jpg\"><img loading=\"lazy\" decoding=\"async\" class=\"aligncenter size-full wp-image-2258\" alt=\"Batepapo_perfume-7758\" src=\"http:\/\/https:\/\/janamakeup.com.br\/blog\/wp-content\/uploads\/2014\/04\/Batepapo_perfume-7758.jpg\" width=\"2835\" height=\"1890\" srcset=\"https:\/\/janamakeup.com.br\/blog\/wp-content\/uploads\/2014\/04\/Batepapo_perfume-7758.jpg 2835w, https:\/\/janamakeup.com.br\/blog\/wp-content\/uploads\/2014\/04\/Batepapo_perfume-7758-300x200.jpg 300w, https:\/\/janamakeup.com.br\/blog\/wp-content\/uploads\/2014\/04\/Batepapo_perfume-7758-1024x682.jpg 1024w\" sizes=\"auto, (max-width: 2835px) 100vw, 2835px\" \/><\/a><a href=\"http:\/\/https:\/\/janamakeup.com.br\/blog\/wp-content\/uploads\/2014\/04\/Jana-7808.jpg\"><img loading=\"lazy\" decoding=\"async\" class=\"aligncenter size-full wp-image-2266\" alt=\"Jana-7808\" src=\"http:\/\/https:\/\/janamakeup.com.br\/blog\/wp-content\/uploads\/2014\/04\/Jana-7808.jpg\" width=\"1890\" height=\"2835\" srcset=\"https:\/\/janamakeup.com.br\/blog\/wp-content\/uploads\/2014\/04\/Jana-7808.jpg 1890w, https:\/\/janamakeup.com.br\/blog\/wp-content\/uploads\/2014\/04\/Jana-7808-200x300.jpg 200w, https:\/\/janamakeup.com.br\/blog\/wp-content\/uploads\/2014\/04\/Jana-7808-682x1024.jpg 682w\" sizes=\"auto, (max-width: 1890px) 100vw, 1890px\" \/><\/a><\/p>\n<p>Para o terceiro dia, escolhi um look mais alegre e colorido. Como o destaque ficou todo para o vestido, optei por usar a sand\u00e1lia e a clutch mais <span style=\"color: #ff99cc;\">&#8220;b\u00e1sicas&#8221;<\/span>. No cabelo fiz algo bem simples, mas que deixou o look mais rom\u00e2ntico: Separei duas mechas de cada lado, torci e prendi com grampinhos da cor do meu cabelo. Super meigo n\u00e9?<\/p>\n<p><span style=\"color: #ff99cc;\">Eu Usei:<\/span><\/p>\n<ul>\n<ul>\n<li>Vestido: H&amp;M<\/li>\n<li>Sand\u00e1lia: Santinato<\/li>\n<li>Anel: Renner<\/li>\n<li>Brincos: By Geo<\/li>\n<li>Clutch: &#8220;Roubei&#8221;da Fl\u00e1via, minha roommate! \ud83d\ude00<\/li>\n<\/ul>\n<\/ul>\n<p>Espero que tenham gostado e aguardem para os pr\u00f3ximos posts de SPFW! \ud83d\ude42<\/p>\n<p>&nbsp;<\/p>\n<!--CusAds0-->\n<div style=\"font-size: 0px; height: 0px; line-height: 0px; margin: 0; padding: 0; clear: both;\"><\/div>","protected":false},"excerpt":{"rendered":"<p>Oi amores, tudo bem? J\u00e1 estou em casa novamente \\o\/ Voltei para Joinville super atarefada e com muito conte\u00fado para liberar aqui no blog! #todascomemora\u00a0\u2665 No post de hoje, trago mais algumas fotos da semana de moda que aconteceu em S\u00e3o Paulo na semana passada. Dessa vez com o look que usei no terceiro dia [&hellip;]<\/p>\n","protected":false},"author":1,"featured_media":0,"comment_status":"open","ping_status":"open","sticky":false,"template":"","format":"standard","meta":{"footnotes":""},"categories":[173,204],"tags":[134],"class_list":["post-2255","post","type-post","status-publish","format-standard","hentry","category-jana-em-sp","category-looks","tag-spfw"],"_links":{"self":[{"href":"https:\/\/janamakeup.com.br\/blog\/wp-json\/wp\/v2\/posts\/2255","targetHints":{"allow":["GET"]}}],"collection":[{"href":"https:\/\/janamakeup.com.br\/blog\/wp-json\/wp\/v2\/posts"}],"about":[{"href":"https:\/\/janamakeup.com.br\/blog\/wp-json\/wp\/v2\/types\/post"}],"author":[{"embeddable":true,"href":"https:\/\/janamakeup.com.br\/blog\/wp-json\/wp\/v2\/users\/1"}],"replies":[{"embeddable":true,"href":"https:\/\/janamakeup.com.br\/blog\/wp-json\/wp\/v2\/comments?post=2255"}],"version-history":[{"count":4,"href":"https:\/\/janamakeup.com.br\/blog\/wp-json\/wp\/v2\/posts\/2255\/revisions"}],"predecessor-version":[{"id":2273,"href":"https:\/\/janamakeup.com.br\/blog\/wp-json\/wp\/v2\/posts\/2255\/revisions\/2273"}],"wp:attachment":[{"href":"https:\/\/janamakeup.com.br\/blog\/wp-json\/wp\/v2\/media?parent=2255"}],"wp:term":[{"taxonomy":"category","embeddable":true,"href":"https:\/\/janamakeup.com.br\/blog\/wp-json\/wp\/v2\/categories?post=2255"},{"taxonomy":"post_tag","embeddable":true,"href":"https:\/\/janamakeup.com.br\/blog\/wp-json\/wp\/v2\/tags?post=2255"}],"curies":[{"name":"wp","href":"https:\/\/api.w.org\/{rel}","templated":true}]}}