{"id":219,"date":"2013-01-28T21:22:00","date_gmt":"2013-01-28T21:22:00","guid":{"rendered":"http:\/\/janamakeup.com.br\/inspire-se-maquiagens-da-demi-lovato-2yearsunbroken\/"},"modified":"2014-08-01T19:59:59","modified_gmt":"2014-08-01T19:59:59","slug":"inspire-se-maquiagens-da-demi-lovato-2yearsunbroken","status":"publish","type":"post","link":"https:\/\/janamakeup.com.br\/blog\/inspire-se-maquiagens-da-demi-lovato-2yearsunbroken\/","title":{"rendered":"INSPIRE-SE: MAQUIAGENS DA DEMI LOVATO #2YEARSUNBROKEN"},"content":{"rendered":"<div><a href=\"http:\/\/4.bp.blogspot.com\/-1EsIa1W0w04\/UQbpbRYHgkI\/AAAAAAAAHko\/UnQXUMuBHiA\/s1600\/Demi-Photoshoots-M-Hayman-2012-demi-lovato-30584128-619-421.png\"><img loading=\"lazy\" decoding=\"async\" alt=\"\" src=\"http:\/\/4.bp.blogspot.com\/-1EsIa1W0w04\/UQbpbRYHgkI\/AAAAAAAAHko\/UnQXUMuBHiA\/s640\/Demi-Photoshoots-M-Hayman-2012-demi-lovato-30584128-619-421.png\" width=\"1280\" height=\"868\" border=\"0\" \/><\/a><\/div>\n<div><\/div>\n<div><span>Oi amores, tudo bem? Sei bem que o blog tem muitas f\u00e3s da Demi Lovato e sei tamb\u00e9m que dia 28 de Janeiro \u00e9 uma data muito importante para Demi e para n\u00f3s, admiradoras. Hoje \u00e9 o 2 years Unbroken, ou seja, exatamente hoje fazem 2 anos que a Demi saiu da reabilita\u00e7\u00e3o e vem fazendo muito sucesso com as m\u00fasicas lindas que a gente ama! Foi por isso que eu resolvi fazer um especial da cantora, com 6 maquiagens incr\u00edveis que ela j\u00e1 usou pra gente se inspirar. Vamos conferir?\u00a0<\/span><\/div>\n<div><\/div>\n<div><a href=\"http:\/\/i.imgur.com\/B22wU25.jpg\"><img loading=\"lazy\" decoding=\"async\" alt=\"\" src=\"http:\/\/i.imgur.com\/B22wU25.jpg\" width=\"1216\" height=\"4620\" border=\"0\" \/><\/a><\/div>\n<div><\/div>\n<div><span>Eu sou apaixonada pelas m\u00fasicas da Demi e acho que ela arrasa nos looks e maquiagens. Deu para perceber que ela n\u00e3o sai de casa sem um bom r\u00edmel n\u00e9?\u00a0<\/span><\/div>\n<div><span>Separei uma mini-playlist para curtir os hits da nossa diva! D\u00e1 o play:<\/span><\/div>\n<div><\/div>\n<div><\/div>\n<div><span>Beijos e at\u00e9 o pr\u00f3ximo post!<\/span><\/div>\n<div><span>Jana Make Up<\/span><\/div>\n<!--CusAds0-->\n<div style=\"font-size: 0px; height: 0px; line-height: 0px; margin: 0; padding: 0; clear: both;\"><\/div>","protected":false},"excerpt":{"rendered":"<p>Oi amores, tudo bem? Sei bem que o blog tem muitas f\u00e3s da Demi Lovato e sei tamb\u00e9m que dia 28 de Janeiro \u00e9 uma data muito importante para Demi e para n\u00f3s, admiradoras. Hoje \u00e9 o 2 years Unbroken, ou seja, exatamente hoje fazem 2 anos que a Demi saiu da reabilita\u00e7\u00e3o e vem [&hellip;]<\/p>\n","protected":false},"author":1,"featured_media":0,"comment_status":"open","ping_status":"open","sticky":false,"template":"","format":"standard","meta":{"footnotes":""},"categories":[1],"tags":[194,193,94],"class_list":["post-219","post","type-post","status-publish","format-standard","hentry","category-outros","tag-demi-lovato","tag-inspire-se","tag-maquiagem"],"_links":{"self":[{"href":"https:\/\/janamakeup.com.br\/blog\/wp-json\/wp\/v2\/posts\/219","targetHints":{"allow":["GET"]}}],"collection":[{"href":"https:\/\/janamakeup.com.br\/blog\/wp-json\/wp\/v2\/posts"}],"about":[{"href":"https:\/\/janamakeup.com.br\/blog\/wp-json\/wp\/v2\/types\/post"}],"author":[{"embeddable":true,"href":"https:\/\/janamakeup.com.br\/blog\/wp-json\/wp\/v2\/users\/1"}],"replies":[{"embeddable":true,"href":"https:\/\/janamakeup.com.br\/blog\/wp-json\/wp\/v2\/comments?post=219"}],"version-history":[{"count":2,"href":"https:\/\/janamakeup.com.br\/blog\/wp-json\/wp\/v2\/posts\/219\/revisions"}],"predecessor-version":[{"id":3025,"href":"https:\/\/janamakeup.com.br\/blog\/wp-json\/wp\/v2\/posts\/219\/revisions\/3025"}],"wp:attachment":[{"href":"https:\/\/janamakeup.com.br\/blog\/wp-json\/wp\/v2\/media?parent=219"}],"wp:term":[{"taxonomy":"category","embeddable":true,"href":"https:\/\/janamakeup.com.br\/blog\/wp-json\/wp\/v2\/categories?post=219"},{"taxonomy":"post_tag","embeddable":true,"href":"https:\/\/janamakeup.com.br\/blog\/wp-json\/wp\/v2\/tags?post=219"}],"curies":[{"name":"wp","href":"https:\/\/api.w.org\/{rel}","templated":true}]}}