{"id":2059,"date":"2014-03-18T22:46:20","date_gmt":"2014-03-18T22:46:20","guid":{"rendered":"http:\/\/janamakeup.com.br\/?p=2059"},"modified":"2014-03-18T22:48:07","modified_gmt":"2014-03-18T22:48:07","slug":"e-a-cara-da-jana-especial-de-3-anos-com-juliana-de-andrade","status":"publish","type":"post","link":"https:\/\/janamakeup.com.br\/blog\/e-a-cara-da-jana-especial-de-3-anos-com-juliana-de-andrade\/","title":{"rendered":"\u00c9 a cara da Jana! Especial de 3 anos com Juliana de Andrade!"},"content":{"rendered":"<p><a href=\"http:\/\/https:\/\/janamakeup.com.br\/blog\/wp-content\/uploads\/2014\/03\/1239475_605468692860646_2142810922_n.jpg\"><img loading=\"lazy\" decoding=\"async\" class=\"aligncenter size-full wp-image-2060\" alt=\"1239475_605468692860646_2142810922_n\" src=\"http:\/\/https:\/\/janamakeup.com.br\/blog\/wp-content\/uploads\/2014\/03\/1239475_605468692860646_2142810922_n.jpg\" width=\"740\" height=\"492\" srcset=\"https:\/\/janamakeup.com.br\/blog\/wp-content\/uploads\/2014\/03\/1239475_605468692860646_2142810922_n.jpg 740w, https:\/\/janamakeup.com.br\/blog\/wp-content\/uploads\/2014\/03\/1239475_605468692860646_2142810922_n-300x199.jpg 300w\" sizes=\"auto, (max-width: 740px) 100vw, 740px\" \/><\/a><\/p>\n<p>Oi amores, tudo bom? Vamos come\u00e7ar a semana com mais uma convidada do especial de 3 anos de anivers\u00e1rio! A Ju, do blog <a href=\"http:\/\/misturafeminina.com\/\">Mistura Feminina<\/a>. Conheci a Ju mais ou menos na mesma \u00e9poca que conheci a Beca, ou seja: Bastanteeeee tempo! Nunca me esque\u00e7o que um belo dia, estava eu no twitter tranquila e sossegada quando ela come\u00e7ou a me seguir e papear freneticamente. Ela \u00e9 muito comunicativa e engra\u00e7ada, no come\u00e7o levei at\u00e9 um susto acreditam? hahahaha \ud83d\ude00 O mais legal ainda foi poder conhecer a Ju pessoalmente na Beauty Fair de 2011 e dar umas boas risadas com ela por S\u00e3o Paulo! (\u00c9 imposs\u00edvel n\u00e3o morrer de rir com essa mulher!) \ud83d\ude00 Al\u00e9m do bom humor, a Ju tamb\u00e9m \u00e9 \u00f3tima no make e hoje trouxe um tutorial que tem a minha cara: Olho neutro e boc\u00e3o vermelho! Tenho certeza que voc\u00eas v\u00e3o amar, vamos conferir?<\/p>\n<p><iframe loading=\"lazy\" width=\"740\" height=\"450\" src=\"\/\/www.youtube.com\/embed\/B4KMdY2ivFo\" frameborder=\"0\" allowfullscreen><\/iframe><\/p>\n<p>Amiga, nem preciso dizer que amei seu v\u00eddeo n\u00e9? Muito obrigada por ter preparado tudo com tanto carinho! Precisamos nos rever logo! \u2665<\/p>\n<p>Espero muito que tenham gostado!<br \/>\n&nbsp;<\/p>\n<p>&nbsp;<\/p>\n<!--CusAds0-->\n<div style=\"font-size: 0px; height: 0px; line-height: 0px; margin: 0; padding: 0; clear: both;\"><\/div>","protected":false},"excerpt":{"rendered":"<p>Oi amores, tudo bom? Vamos come\u00e7ar a semana com mais uma convidada do especial de 3 anos de anivers\u00e1rio! A Ju, do blog Mistura Feminina. Conheci a Ju mais ou menos na mesma \u00e9poca que conheci a Beca, ou seja: Bastanteeeee tempo! Nunca me esque\u00e7o que um belo dia, estava eu no twitter tranquila e [&hellip;]<\/p>\n","protected":false},"author":1,"featured_media":0,"comment_status":"open","ping_status":"open","sticky":false,"template":"","format":"standard","meta":{"footnotes":""},"categories":[275],"tags":[424],"class_list":["post-2059","post","type-post","status-publish","format-standard","hentry","category-amigas","tag-especial-de-aniversario"],"_links":{"self":[{"href":"https:\/\/janamakeup.com.br\/blog\/wp-json\/wp\/v2\/posts\/2059","targetHints":{"allow":["GET"]}}],"collection":[{"href":"https:\/\/janamakeup.com.br\/blog\/wp-json\/wp\/v2\/posts"}],"about":[{"href":"https:\/\/janamakeup.com.br\/blog\/wp-json\/wp\/v2\/types\/post"}],"author":[{"embeddable":true,"href":"https:\/\/janamakeup.com.br\/blog\/wp-json\/wp\/v2\/users\/1"}],"replies":[{"embeddable":true,"href":"https:\/\/janamakeup.com.br\/blog\/wp-json\/wp\/v2\/comments?post=2059"}],"version-history":[{"count":2,"href":"https:\/\/janamakeup.com.br\/blog\/wp-json\/wp\/v2\/posts\/2059\/revisions"}],"predecessor-version":[{"id":2062,"href":"https:\/\/janamakeup.com.br\/blog\/wp-json\/wp\/v2\/posts\/2059\/revisions\/2062"}],"wp:attachment":[{"href":"https:\/\/janamakeup.com.br\/blog\/wp-json\/wp\/v2\/media?parent=2059"}],"wp:term":[{"taxonomy":"category","embeddable":true,"href":"https:\/\/janamakeup.com.br\/blog\/wp-json\/wp\/v2\/categories?post=2059"},{"taxonomy":"post_tag","embeddable":true,"href":"https:\/\/janamakeup.com.br\/blog\/wp-json\/wp\/v2\/tags?post=2059"}],"curies":[{"name":"wp","href":"https:\/\/api.w.org\/{rel}","templated":true}]}}