{"id":1998,"date":"2014-03-11T04:19:56","date_gmt":"2014-03-11T04:19:56","guid":{"rendered":"http:\/\/janamakeup.com.br\/?p=1998"},"modified":"2014-03-11T04:19:56","modified_gmt":"2014-03-11T04:19:56","slug":"tag-meu-cabelo","status":"publish","type":"post","link":"https:\/\/janamakeup.com.br\/blog\/tag-meu-cabelo\/","title":{"rendered":"TAG: Meu Cabelo"},"content":{"rendered":"<p><a href=\"http:\/\/https:\/\/janamakeup.com.br\/blog\/wp-content\/uploads\/2014\/03\/10000290_10203475814722898_1975745073_n.jpg\"><img loading=\"lazy\" decoding=\"async\" class=\"aligncenter size-full wp-image-1999\" alt=\"10000290_10203475814722898_1975745073_n\" src=\"http:\/\/https:\/\/janamakeup.com.br\/blog\/wp-content\/uploads\/2014\/03\/10000290_10203475814722898_1975745073_n.jpg\" width=\"960\" height=\"640\" srcset=\"https:\/\/janamakeup.com.br\/blog\/wp-content\/uploads\/2014\/03\/10000290_10203475814722898_1975745073_n.jpg 960w, https:\/\/janamakeup.com.br\/blog\/wp-content\/uploads\/2014\/03\/10000290_10203475814722898_1975745073_n-300x200.jpg 300w\" sizes=\"auto, (max-width: 960px) 100vw, 960px\" \/><\/a><\/p>\n<p>Oi amores, tudo bom? Come\u00e7ando a semana com o p\u00e9 direito e com v\u00eddeo novo para voc\u00eas! \ud83d\ude00 Me pediram muito para gravar a tag &#8220;Meu Cabelo&#8221; e c\u00e1 estou eu atendendo aos pedidos das minhas leitoras lindas! S\u00e3o 12 perguntinhas super bacanas e rapidinhas, vamos conferir?<\/p>\n<p><iframe loading=\"lazy\" src=\"\/\/www.youtube.com\/embed\/LzSvEZcWP0s?list=UUX_T68sqLsSuFF3QHFjQJ2A\" height=\"450\" width=\"740\" allowfullscreen=\"\" frameborder=\"0\"><\/iframe><\/p>\n<p><span style=\"color: #ff99cc;\">Perguntas:<\/span><\/p>\n<ul>\n<li>Qual seu tipo de cabelo (oleoso, misto, seco ou normal)?<\/li>\n<li>Defina basicamente como \u00e9 seu cabelo natural (crespo, ondulado, liso, fino, grosso, armado, volumoso, pesado, ralinho etc)<\/li>\n<li>Qual a cor natural?<\/li>\n<li>Voc\u00ea tem algum tipo de qu\u00edmica nos cabelos?<\/li>\n<li>O que voc\u00ea mais gosta em seus cabelos?<\/li>\n<li>Se como m\u00e1gica, pudesse fazer alguma modifica\u00e7\u00e3o neles, o que seria?<\/li>\n<li>Est\u00e1 planejando alguma mudan\u00e7a (cortar, alongar, colorir, alisar etc)?<\/li>\n<li>Voc\u00ea acha que existem cabelos naturalmente lindos ou acredita que \u00e9 imposs\u00edvel exibir cabelos bonitos sem algum cuidado especial?<\/li>\n<li>Gosta de cuidar dos seus cabelos sozinha ou prefere deix\u00e1-los nas m\u00e3os de profissionais qualificados?<\/li>\n<li>j\u00e1 teve alguma decep\u00e7\u00e3o ou se arrependeu de algo que fez ou fizeram em seus cabelos? Conte.<\/li>\n<li>J\u00e1 descobriu algum truque, tecnica ou produto que deixa seu cabelo melhor e n\u00e3o costuma abrir m\u00e3o?<\/li>\n<li>Cabelo inspirador! Cite uma (ou mais) famosa(s) que voc\u00ea se identifica em rela\u00e7\u00e3o aos cabelos.<\/li>\n<\/ul>\n<p>Espero que tenham gostado! E n\u00e3o deixem de inscrever-se no meu canal para conferir os pr\u00f3ximos v\u00eddeos, clicando <a href=\"http:\/\/www.youtube.com\/janamakeup\">AQUI<\/a>\u00a0\u2665<\/p>\n<p>&nbsp;<\/p>\n<p>&nbsp;<\/p>\n<!--CusAds0-->\n<div style=\"font-size: 0px; height: 0px; line-height: 0px; margin: 0; padding: 0; clear: both;\"><\/div>","protected":false},"excerpt":{"rendered":"<p>Oi amores, tudo bom? Come\u00e7ando a semana com o p\u00e9 direito e com v\u00eddeo novo para voc\u00eas! \ud83d\ude00 Me pediram muito para gravar a tag &#8220;Meu Cabelo&#8221; e c\u00e1 estou eu atendendo aos pedidos das minhas leitoras lindas! S\u00e3o 12 perguntinhas super bacanas e rapidinhas, vamos conferir? Perguntas: Qual seu tipo de cabelo (oleoso, misto, [&hellip;]<\/p>\n","protected":false},"author":1,"featured_media":0,"comment_status":"open","ping_status":"open","sticky":false,"template":"","format":"standard","meta":{"footnotes":""},"categories":[21],"tags":[423],"class_list":["post-1998","post","type-post","status-publish","format-standard","hentry","category-favoritos-do-mes","tag-meu-cabelo"],"_links":{"self":[{"href":"https:\/\/janamakeup.com.br\/blog\/wp-json\/wp\/v2\/posts\/1998","targetHints":{"allow":["GET"]}}],"collection":[{"href":"https:\/\/janamakeup.com.br\/blog\/wp-json\/wp\/v2\/posts"}],"about":[{"href":"https:\/\/janamakeup.com.br\/blog\/wp-json\/wp\/v2\/types\/post"}],"author":[{"embeddable":true,"href":"https:\/\/janamakeup.com.br\/blog\/wp-json\/wp\/v2\/users\/1"}],"replies":[{"embeddable":true,"href":"https:\/\/janamakeup.com.br\/blog\/wp-json\/wp\/v2\/comments?post=1998"}],"version-history":[{"count":1,"href":"https:\/\/janamakeup.com.br\/blog\/wp-json\/wp\/v2\/posts\/1998\/revisions"}],"predecessor-version":[{"id":2000,"href":"https:\/\/janamakeup.com.br\/blog\/wp-json\/wp\/v2\/posts\/1998\/revisions\/2000"}],"wp:attachment":[{"href":"https:\/\/janamakeup.com.br\/blog\/wp-json\/wp\/v2\/media?parent=1998"}],"wp:term":[{"taxonomy":"category","embeddable":true,"href":"https:\/\/janamakeup.com.br\/blog\/wp-json\/wp\/v2\/categories?post=1998"},{"taxonomy":"post_tag","embeddable":true,"href":"https:\/\/janamakeup.com.br\/blog\/wp-json\/wp\/v2\/tags?post=1998"}],"curies":[{"name":"wp","href":"https:\/\/api.w.org\/{rel}","templated":true}]}}