{"id":1843,"date":"2014-02-25T15:36:57","date_gmt":"2014-02-25T15:36:57","guid":{"rendered":"http:\/\/janamakeup.com.br\/?p=1843"},"modified":"2014-02-25T15:38:13","modified_gmt":"2014-02-25T15:38:13","slug":"vlog-1-semana-com-a-jana-em-sp","status":"publish","type":"post","link":"https:\/\/janamakeup.com.br\/blog\/vlog-1-semana-com-a-jana-em-sp\/","title":{"rendered":"#Vlog: 1 Semana com a Jana em SP! (PARTE 3)"},"content":{"rendered":"<p>Oi amores, tudo bom? Como prometido, hoje trago a \u00faltima parte do vlog de SP! \ud83d\ude41 Eu sei o quanto voc\u00eas gostam desse tipo de v\u00eddeo e prometo gravar muitos outros ainda no canal, por isso n\u00e3o deixem de se inscrever (<a href=\"https:\/\/www.youtube.com\/janamakeup\">AQUI<\/a>). T\u00e1 curiosa para assistir? D\u00e1 o play:<\/p>\n<p><iframe loading=\"lazy\" src=\"\/\/www.youtube.com\/embed\/Emljzn6IXYs?list=UUX_T68sqLsSuFF3QHFjQJ2A\" height=\"450\" width=\"740\" allowfullscreen=\"\" frameborder=\"0\"><\/iframe><\/p>\n<p>Agora voltamos ao ritmo normal de v\u00eddeos, com muitos tutoriais e tags vindo por a\u00ed! \ud83d\ude42<\/p>\n<p>Algu\u00e9m j\u00e1 imagina qual ser\u00e1 o pr\u00f3ximo v\u00eddeo?<\/p>\n<p>&nbsp;<\/p>\n<p>&nbsp;<\/p>\n<!--CusAds0-->\n<div style=\"font-size: 0px; height: 0px; line-height: 0px; margin: 0; padding: 0; clear: both;\"><\/div>","protected":false},"excerpt":{"rendered":"<p>Oi amores, tudo bom? Como prometido, hoje trago a \u00faltima parte do vlog de SP! \ud83d\ude41 Eu sei o quanto voc\u00eas gostam desse tipo de v\u00eddeo e prometo gravar muitos outros ainda no canal, por isso n\u00e3o deixem de se inscrever (AQUI). T\u00e1 curiosa para assistir? D\u00e1 o play: Agora voltamos ao ritmo normal de [&hellip;]<\/p>\n","protected":false},"author":1,"featured_media":0,"comment_status":"open","ping_status":"open","sticky":false,"template":"","format":"standard","meta":{"footnotes":""},"categories":[173,397],"tags":[],"class_list":["post-1843","post","type-post","status-publish","format-standard","hentry","category-jana-em-sp","category-sao-paulo-2"],"_links":{"self":[{"href":"https:\/\/janamakeup.com.br\/blog\/wp-json\/wp\/v2\/posts\/1843","targetHints":{"allow":["GET"]}}],"collection":[{"href":"https:\/\/janamakeup.com.br\/blog\/wp-json\/wp\/v2\/posts"}],"about":[{"href":"https:\/\/janamakeup.com.br\/blog\/wp-json\/wp\/v2\/types\/post"}],"author":[{"embeddable":true,"href":"https:\/\/janamakeup.com.br\/blog\/wp-json\/wp\/v2\/users\/1"}],"replies":[{"embeddable":true,"href":"https:\/\/janamakeup.com.br\/blog\/wp-json\/wp\/v2\/comments?post=1843"}],"version-history":[{"count":2,"href":"https:\/\/janamakeup.com.br\/blog\/wp-json\/wp\/v2\/posts\/1843\/revisions"}],"predecessor-version":[{"id":1845,"href":"https:\/\/janamakeup.com.br\/blog\/wp-json\/wp\/v2\/posts\/1843\/revisions\/1845"}],"wp:attachment":[{"href":"https:\/\/janamakeup.com.br\/blog\/wp-json\/wp\/v2\/media?parent=1843"}],"wp:term":[{"taxonomy":"category","embeddable":true,"href":"https:\/\/janamakeup.com.br\/blog\/wp-json\/wp\/v2\/categories?post=1843"},{"taxonomy":"post_tag","embeddable":true,"href":"https:\/\/janamakeup.com.br\/blog\/wp-json\/wp\/v2\/tags?post=1843"}],"curies":[{"name":"wp","href":"https:\/\/api.w.org\/{rel}","templated":true}]}}