{"id":1841,"date":"2014-02-22T17:22:04","date_gmt":"2014-02-22T17:22:04","guid":{"rendered":"http:\/\/janamakeup.com.br\/?p=1841"},"modified":"2014-02-22T17:22:45","modified_gmt":"2014-02-22T17:22:45","slug":"vlog-1-semana-com-a-jana-em-sp-parte-2","status":"publish","type":"post","link":"https:\/\/janamakeup.com.br\/blog\/vlog-1-semana-com-a-jana-em-sp-parte-2\/","title":{"rendered":"#Vlog: 1 Semana com a Jana em SP (Parte 2)"},"content":{"rendered":"<p>Oi amores, tudo bem? A segunda parte do vlog de SP est\u00e1 NO AR \\o\/ Fiquei super feliz em ver que voc\u00eas est\u00e3o adorando essa s\u00e9rie de v\u00eddeos, vou tentar gravar mais sempre que poss\u00edvel ok? Ainda temos mais uma parte para finalizar a semana que passei em S\u00e3o Paulo. Vamos conferir?<\/p>\n<p><iframe loading=\"lazy\" src=\"\/\/www.youtube.com\/embed\/Wnl70goYFuU?list=UUX_T68sqLsSuFF3QHFjQJ2A\" height=\"450\" width=\"740\" allowfullscreen=\"\" frameborder=\"0\"><\/iframe><br \/>\n<span style=\"color: #ff99cc;\">P.S.:<\/span> \u00a0N\u00e3o estou mais em S\u00e3o Paulo, esses v\u00eddeos s\u00e3o de 2 semanas atr\u00e1s! Para as meninas de Santos que est\u00e3o pedindo encontrinho, em breve voltarei \u00a0e vou tentar organizar algo especial para voc\u00eas \ud83d\ude42<\/p>\n<p>N\u00e3o esque\u00e7am de compartilhar este v\u00eddeo nas suas redes sociais e inscrever-se no canal (<a href=\"http:\/\/www.youtube.com\/janamakeup\">AQUI<\/a>)<\/p>\n<p>&nbsp;<\/p>\n<!--CusAds0-->\n<div style=\"font-size: 0px; height: 0px; line-height: 0px; margin: 0; padding: 0; clear: both;\"><\/div>","protected":false},"excerpt":{"rendered":"<p>Oi amores, tudo bem? A segunda parte do vlog de SP est\u00e1 NO AR \\o\/ Fiquei super feliz em ver que voc\u00eas est\u00e3o adorando essa s\u00e9rie de v\u00eddeos, vou tentar gravar mais sempre que poss\u00edvel ok? Ainda temos mais uma parte para finalizar a semana que passei em S\u00e3o Paulo. Vamos conferir? P.S.: \u00a0N\u00e3o estou [&hellip;]<\/p>\n","protected":false},"author":1,"featured_media":0,"comment_status":"open","ping_status":"open","sticky":false,"template":"","format":"standard","meta":{"footnotes":""},"categories":[173,397],"tags":[],"class_list":["post-1841","post","type-post","status-publish","format-standard","hentry","category-jana-em-sp","category-sao-paulo-2"],"_links":{"self":[{"href":"https:\/\/janamakeup.com.br\/blog\/wp-json\/wp\/v2\/posts\/1841","targetHints":{"allow":["GET"]}}],"collection":[{"href":"https:\/\/janamakeup.com.br\/blog\/wp-json\/wp\/v2\/posts"}],"about":[{"href":"https:\/\/janamakeup.com.br\/blog\/wp-json\/wp\/v2\/types\/post"}],"author":[{"embeddable":true,"href":"https:\/\/janamakeup.com.br\/blog\/wp-json\/wp\/v2\/users\/1"}],"replies":[{"embeddable":true,"href":"https:\/\/janamakeup.com.br\/blog\/wp-json\/wp\/v2\/comments?post=1841"}],"version-history":[{"count":1,"href":"https:\/\/janamakeup.com.br\/blog\/wp-json\/wp\/v2\/posts\/1841\/revisions"}],"predecessor-version":[{"id":1842,"href":"https:\/\/janamakeup.com.br\/blog\/wp-json\/wp\/v2\/posts\/1841\/revisions\/1842"}],"wp:attachment":[{"href":"https:\/\/janamakeup.com.br\/blog\/wp-json\/wp\/v2\/media?parent=1841"}],"wp:term":[{"taxonomy":"category","embeddable":true,"href":"https:\/\/janamakeup.com.br\/blog\/wp-json\/wp\/v2\/categories?post=1841"},{"taxonomy":"post_tag","embeddable":true,"href":"https:\/\/janamakeup.com.br\/blog\/wp-json\/wp\/v2\/tags?post=1841"}],"curies":[{"name":"wp","href":"https:\/\/api.w.org\/{rel}","templated":true}]}}