{"id":1838,"date":"2014-02-20T00:32:10","date_gmt":"2014-02-20T00:32:10","guid":{"rendered":"http:\/\/janamakeup.com.br\/?p=1838"},"modified":"2014-02-20T00:32:10","modified_gmt":"2014-02-20T00:32:10","slug":"vlog-1-semana-com-a-jana-em-sp-parte-1","status":"publish","type":"post","link":"https:\/\/janamakeup.com.br\/blog\/vlog-1-semana-com-a-jana-em-sp-parte-1\/","title":{"rendered":"#Vlog: 1 Semana com a Jana em SP! (Parte 1)"},"content":{"rendered":"<p>Oi amores, tudo bom? O v\u00eddeo de hoje \u00e9 um VLOG que voc\u00eas tantoooo me pedem! <del>haha<\/del> \ud83d\ude00 Algumas semanas atr\u00e1s estive em S\u00e3o Paulo, Santos e Praia Grande para resolver algumas pend\u00eancias e visitar alguns amigos. Aproveitei minha estadia em SP para gravar um vlog da minha semana, pois sei que voc\u00eas amam esse tipo de v\u00eddeo n\u00e9? Tive que dividir em algumas partes para n\u00e3o ficar cansativo e deixar voc\u00eas curiosas!<del> hihi<\/del>. Vamos conferir?<\/p>\n<p><iframe loading=\"lazy\" src=\"\/\/www.youtube.com\/embed\/IpoERW29EIw?list=UUX_T68sqLsSuFF3QHFjQJ2A\" height=\"450\" width=\"740\" allowfullscreen=\"\" frameborder=\"0\"><\/iframe><\/p>\n<p>N\u00e3o se esque\u00e7am de inscrever-se no canal para acompanhar os pr\u00f3ximos v\u00eddeos em primeira m\u00e3o! (Clique <a href=\"http:\/\/www.youtube.com\/janamakeup\/videos\">AQUI<\/a>)<\/p>\n<p>Espero que tenham gostado! \ud83d\ude42<\/p>\n<p>&nbsp;<\/p>\n<p>&nbsp;<\/p>\n<!--CusAds0-->\n<div style=\"font-size: 0px; height: 0px; line-height: 0px; margin: 0; padding: 0; clear: both;\"><\/div>","protected":false},"excerpt":{"rendered":"<p>Oi amores, tudo bom? O v\u00eddeo de hoje \u00e9 um VLOG que voc\u00eas tantoooo me pedem! haha \ud83d\ude00 Algumas semanas atr\u00e1s estive em S\u00e3o Paulo, Santos e Praia Grande para resolver algumas pend\u00eancias e visitar alguns amigos. Aproveitei minha estadia em SP para gravar um vlog da minha semana, pois sei que voc\u00eas amam esse [&hellip;]<\/p>\n","protected":false},"author":1,"featured_media":0,"comment_status":"open","ping_status":"open","sticky":false,"template":"","format":"standard","meta":{"footnotes":""},"categories":[173,397],"tags":[],"class_list":["post-1838","post","type-post","status-publish","format-standard","hentry","category-jana-em-sp","category-sao-paulo-2"],"_links":{"self":[{"href":"https:\/\/janamakeup.com.br\/blog\/wp-json\/wp\/v2\/posts\/1838","targetHints":{"allow":["GET"]}}],"collection":[{"href":"https:\/\/janamakeup.com.br\/blog\/wp-json\/wp\/v2\/posts"}],"about":[{"href":"https:\/\/janamakeup.com.br\/blog\/wp-json\/wp\/v2\/types\/post"}],"author":[{"embeddable":true,"href":"https:\/\/janamakeup.com.br\/blog\/wp-json\/wp\/v2\/users\/1"}],"replies":[{"embeddable":true,"href":"https:\/\/janamakeup.com.br\/blog\/wp-json\/wp\/v2\/comments?post=1838"}],"version-history":[{"count":1,"href":"https:\/\/janamakeup.com.br\/blog\/wp-json\/wp\/v2\/posts\/1838\/revisions"}],"predecessor-version":[{"id":1839,"href":"https:\/\/janamakeup.com.br\/blog\/wp-json\/wp\/v2\/posts\/1838\/revisions\/1839"}],"wp:attachment":[{"href":"https:\/\/janamakeup.com.br\/blog\/wp-json\/wp\/v2\/media?parent=1838"}],"wp:term":[{"taxonomy":"category","embeddable":true,"href":"https:\/\/janamakeup.com.br\/blog\/wp-json\/wp\/v2\/categories?post=1838"},{"taxonomy":"post_tag","embeddable":true,"href":"https:\/\/janamakeup.com.br\/blog\/wp-json\/wp\/v2\/tags?post=1838"}],"curies":[{"name":"wp","href":"https:\/\/api.w.org\/{rel}","templated":true}]}}