{"id":1770,"date":"2014-02-12T18:31:56","date_gmt":"2014-02-12T18:31:56","guid":{"rendered":"http:\/\/janamakeup.com.br\/?p=1770"},"modified":"2014-02-12T18:31:56","modified_gmt":"2014-02-12T18:31:56","slug":"review-mineralize-skin-finish-redhead-mac","status":"publish","type":"post","link":"https:\/\/janamakeup.com.br\/blog\/review-mineralize-skin-finish-redhead-mac\/","title":{"rendered":"#Review: Mineralize Skin Finish &#8220;RedHead&#8221; &#8211; MAC"},"content":{"rendered":"<p>Oi amores, tudo bom? Hoje trago a resenha de um dos meus produtos queridinhos do momento e que n\u00e3o sai da minha necessaire de ver\u00e3o &#8211; Mineralize Skin Finish &#8220;Red Head&#8221; da MAC! \ud83d\ude42 Ele \u00e9 um produto incr\u00edvel e super vers\u00e1til. Voc\u00ea pode usar como blush ou iluminador! Vamos conferir?<\/p>\n<p><a href=\"http:\/\/https:\/\/janamakeup.com.br\/blog\/wp-content\/uploads\/2014\/02\/MG_4741.jpg\"><img loading=\"lazy\" decoding=\"async\" class=\"aligncenter size-full wp-image-1771\" alt=\"_MG_4741\" src=\"http:\/\/https:\/\/janamakeup.com.br\/blog\/wp-content\/uploads\/2014\/02\/MG_4741.jpg\" width=\"5184\" height=\"3456\" srcset=\"https:\/\/janamakeup.com.br\/blog\/wp-content\/uploads\/2014\/02\/MG_4741.jpg 5184w, https:\/\/janamakeup.com.br\/blog\/wp-content\/uploads\/2014\/02\/MG_4741-300x200.jpg 300w, https:\/\/janamakeup.com.br\/blog\/wp-content\/uploads\/2014\/02\/MG_4741-1024x682.jpg 1024w\" sizes=\"auto, (max-width: 5184px) 100vw, 5184px\" \/><\/a><\/p>\n<p>A embalagem \u00e9 a tradicional da marca e voc\u00ea pode ver a cor do produto atrav\u00e9s da tampa transparente.<\/p>\n<p><a href=\"http:\/\/https:\/\/janamakeup.com.br\/blog\/wp-content\/uploads\/2014\/02\/MG_4743.jpg\"><img loading=\"lazy\" decoding=\"async\" class=\"aligncenter size-full wp-image-1773\" alt=\"_MG_4743\" src=\"http:\/\/https:\/\/janamakeup.com.br\/blog\/wp-content\/uploads\/2014\/02\/MG_4743.jpg\" width=\"3456\" height=\"5184\" srcset=\"https:\/\/janamakeup.com.br\/blog\/wp-content\/uploads\/2014\/02\/MG_4743.jpg 3456w, https:\/\/janamakeup.com.br\/blog\/wp-content\/uploads\/2014\/02\/MG_4743-200x300.jpg 200w, https:\/\/janamakeup.com.br\/blog\/wp-content\/uploads\/2014\/02\/MG_4743-682x1024.jpg 682w\" sizes=\"auto, (max-width: 3456px) 100vw, 3456px\" \/><\/a><\/p>\n<p>No total s\u00e3o 4 cores que voc\u00ea pode usar juntas ou separadamente. Vai do p\u00e9rola\/bege clarinho at\u00e9 o rosa. Eu adoro usar os tons fortes como blush e o mais clarinho nas t\u00eamporas e em cima do blush para um iluminado perfeito! Ambas as cores tem micro-brilhos\/cintil\u00e2ncia.<\/p>\n<p><a href=\"http:\/\/https:\/\/janamakeup.com.br\/blog\/wp-content\/uploads\/2014\/02\/MG_4742.jpg\"><img loading=\"lazy\" decoding=\"async\" class=\"aligncenter size-full wp-image-1772\" alt=\"_MG_4742\" src=\"http:\/\/https:\/\/janamakeup.com.br\/blog\/wp-content\/uploads\/2014\/02\/MG_4742.jpg\" width=\"5184\" height=\"3456\" srcset=\"https:\/\/janamakeup.com.br\/blog\/wp-content\/uploads\/2014\/02\/MG_4742.jpg 5184w, https:\/\/janamakeup.com.br\/blog\/wp-content\/uploads\/2014\/02\/MG_4742-300x200.jpg 300w, https:\/\/janamakeup.com.br\/blog\/wp-content\/uploads\/2014\/02\/MG_4742-1024x682.jpg 1024w\" sizes=\"auto, (max-width: 5184px) 100vw, 5184px\" \/><\/a><a href=\"http:\/\/https:\/\/janamakeup.com.br\/blog\/wp-content\/uploads\/2014\/02\/MG_4744.jpg\"><img loading=\"lazy\" decoding=\"async\" class=\"aligncenter size-full wp-image-1774\" alt=\"_MG_4744\" src=\"http:\/\/https:\/\/janamakeup.com.br\/blog\/wp-content\/uploads\/2014\/02\/MG_4744.jpg\" width=\"5184\" height=\"3456\" srcset=\"https:\/\/janamakeup.com.br\/blog\/wp-content\/uploads\/2014\/02\/MG_4744.jpg 5184w, https:\/\/janamakeup.com.br\/blog\/wp-content\/uploads\/2014\/02\/MG_4744-300x200.jpg 300w, https:\/\/janamakeup.com.br\/blog\/wp-content\/uploads\/2014\/02\/MG_4744-1024x682.jpg 1024w\" sizes=\"auto, (max-width: 5184px) 100vw, 5184px\" \/><\/a><\/p>\n<p>O \u00fanico ponto negativo deste produto \u00e9 por ter sido de cole\u00e7\u00e3o limitada! \ud83d\ude41 #todaschora<br \/>\nNas fotos abaixo voc\u00eas conseguem perceber os brilhos do produto:<\/p>\n<p><a href=\"http:\/\/https:\/\/janamakeup.com.br\/blog\/wp-content\/uploads\/2014\/02\/MG_4762edited.jpg\"><img loading=\"lazy\" decoding=\"async\" class=\"aligncenter size-full wp-image-1775\" alt=\"_MG_4762edited\" src=\"http:\/\/https:\/\/janamakeup.com.br\/blog\/wp-content\/uploads\/2014\/02\/MG_4762edited.jpg\" width=\"5184\" height=\"3456\" srcset=\"https:\/\/janamakeup.com.br\/blog\/wp-content\/uploads\/2014\/02\/MG_4762edited.jpg 5184w, https:\/\/janamakeup.com.br\/blog\/wp-content\/uploads\/2014\/02\/MG_4762edited-300x200.jpg 300w, https:\/\/janamakeup.com.br\/blog\/wp-content\/uploads\/2014\/02\/MG_4762edited-1024x682.jpg 1024w\" sizes=\"auto, (max-width: 5184px) 100vw, 5184px\" \/><\/a><\/p>\n<p><span style=\"color: #ff99cc;\">Demonstra\u00e7\u00e3o:\u00a0<\/span><br \/>\n<a href=\"http:\/\/https:\/\/janamakeup.com.br\/blog\/wp-content\/uploads\/2014\/02\/MG_4770.jpg\"><img loading=\"lazy\" decoding=\"async\" class=\"aligncenter size-full wp-image-1776\" alt=\"_MG_4770\" src=\"http:\/\/https:\/\/janamakeup.com.br\/blog\/wp-content\/uploads\/2014\/02\/MG_4770.jpg\" width=\"5184\" height=\"3456\" srcset=\"https:\/\/janamakeup.com.br\/blog\/wp-content\/uploads\/2014\/02\/MG_4770.jpg 5184w, https:\/\/janamakeup.com.br\/blog\/wp-content\/uploads\/2014\/02\/MG_4770-300x200.jpg 300w, https:\/\/janamakeup.com.br\/blog\/wp-content\/uploads\/2014\/02\/MG_4770-1024x682.jpg 1024w\" sizes=\"auto, (max-width: 5184px) 100vw, 5184px\" \/><\/a><a href=\"http:\/\/https:\/\/janamakeup.com.br\/blog\/wp-content\/uploads\/2014\/02\/MG_4781edited.jpg\"><img loading=\"lazy\" decoding=\"async\" class=\"aligncenter size-full wp-image-1778\" alt=\"_MG_4781edited\" src=\"http:\/\/https:\/\/janamakeup.com.br\/blog\/wp-content\/uploads\/2014\/02\/MG_4781edited.jpg\" width=\"4224\" height=\"3456\" srcset=\"https:\/\/janamakeup.com.br\/blog\/wp-content\/uploads\/2014\/02\/MG_4781edited.jpg 4224w, https:\/\/janamakeup.com.br\/blog\/wp-content\/uploads\/2014\/02\/MG_4781edited-300x245.jpg 300w, https:\/\/janamakeup.com.br\/blog\/wp-content\/uploads\/2014\/02\/MG_4781edited-1024x837.jpg 1024w\" sizes=\"auto, (max-width: 4224px) 100vw, 4224px\" \/><\/a><\/p>\n<p>Super indico para as ruivinhas!\u00a0\u2665<\/p>\n<p>Infelizmente ele n\u00e3o est\u00e1 mais \u00e0 venda, mas voc\u00eas encontram as demais cores da linha Mineralize na loja online da marca &gt; <a href=\"http:\/\/www.maccosmetics.com.br\/index.tmpl\">AQUI<\/a><\/p>\n<p>Gostaram? Deixem nos coment\u00e1rios! \ud83d\ude42<\/p>\n<!--CusAds0-->\n<div style=\"font-size: 0px; height: 0px; line-height: 0px; margin: 0; padding: 0; clear: both;\"><\/div>","protected":false},"excerpt":{"rendered":"<p>Oi amores, tudo bom? Hoje trago a resenha de um dos meus produtos queridinhos do momento e que n\u00e3o sai da minha necessaire de ver\u00e3o &#8211; Mineralize Skin Finish &#8220;Red Head&#8221; da MAC! \ud83d\ude42 Ele \u00e9 um produto incr\u00edvel e super vers\u00e1til. Voc\u00ea pode usar como blush ou iluminador! Vamos conferir? A embalagem \u00e9 a [&hellip;]<\/p>\n","protected":false},"author":1,"featured_media":0,"comment_status":"open","ping_status":"open","sticky":false,"template":"","format":"standard","meta":{"footnotes":""},"categories":[143],"tags":[10,407],"class_list":["post-1770","post","type-post","status-publish","format-standard","hentry","category-resenhas","tag-mac","tag-mineralize-skin-finish"],"_links":{"self":[{"href":"https:\/\/janamakeup.com.br\/blog\/wp-json\/wp\/v2\/posts\/1770","targetHints":{"allow":["GET"]}}],"collection":[{"href":"https:\/\/janamakeup.com.br\/blog\/wp-json\/wp\/v2\/posts"}],"about":[{"href":"https:\/\/janamakeup.com.br\/blog\/wp-json\/wp\/v2\/types\/post"}],"author":[{"embeddable":true,"href":"https:\/\/janamakeup.com.br\/blog\/wp-json\/wp\/v2\/users\/1"}],"replies":[{"embeddable":true,"href":"https:\/\/janamakeup.com.br\/blog\/wp-json\/wp\/v2\/comments?post=1770"}],"version-history":[{"count":3,"href":"https:\/\/janamakeup.com.br\/blog\/wp-json\/wp\/v2\/posts\/1770\/revisions"}],"predecessor-version":[{"id":1780,"href":"https:\/\/janamakeup.com.br\/blog\/wp-json\/wp\/v2\/posts\/1770\/revisions\/1780"}],"wp:attachment":[{"href":"https:\/\/janamakeup.com.br\/blog\/wp-json\/wp\/v2\/media?parent=1770"}],"wp:term":[{"taxonomy":"category","embeddable":true,"href":"https:\/\/janamakeup.com.br\/blog\/wp-json\/wp\/v2\/categories?post=1770"},{"taxonomy":"post_tag","embeddable":true,"href":"https:\/\/janamakeup.com.br\/blog\/wp-json\/wp\/v2\/tags?post=1770"}],"curies":[{"name":"wp","href":"https:\/\/api.w.org\/{rel}","templated":true}]}}