{"id":1699,"date":"2014-02-05T01:10:10","date_gmt":"2014-02-05T01:10:10","guid":{"rendered":"http:\/\/janamakeup.com.br\/?p=1699"},"modified":"2014-02-05T01:14:23","modified_gmt":"2014-02-05T01:14:23","slug":"jana-em-sp-primeiro-dia","status":"publish","type":"post","link":"https:\/\/janamakeup.com.br\/blog\/jana-em-sp-primeiro-dia\/","title":{"rendered":"Jana em SP: Primeiro dia!"},"content":{"rendered":"<p>Oi amores, tudo bom? Quem me segue l\u00e1 no Instagram j\u00e1 sabe que vim para S\u00e3o Paulo passar a semana aqui! \ud83d\ude42 Vim com o Otto e os pais dele e ficaremos na capital at\u00e9 quinta-feira. Seguimos para Santos e Praia Grande no fim da semana e hoje venho compartilhar as fotos do primeiro dia na cidade com voc\u00eas! Tamb\u00e9m estou gravando um vlog super bacana dos meus dias aqui e vou compartilhar no canal com voc\u00eas em breve! Aproveite para se inscrever no meu canal e ficar por dentro dos v\u00eddeos em primeira m\u00e3o! Clique <a href=\"http:\/\/www.youtube.com\/janamakeup\">AQUI<\/a> &#8211; Vamos conferir?<\/p>\n<p><a href=\"http:\/\/https:\/\/janamakeup.com.br\/blog\/wp-content\/uploads\/2014\/02\/1797409_688847421158266_1756470291_n.jpg\"><img loading=\"lazy\" decoding=\"async\" class=\"aligncenter size-full wp-image-1706\" alt=\"1797409_688847421158266_1756470291_n\" src=\"http:\/\/https:\/\/janamakeup.com.br\/blog\/wp-content\/uploads\/2014\/02\/1797409_688847421158266_1756470291_n.jpg\" width=\"640\" height=\"640\" srcset=\"https:\/\/janamakeup.com.br\/blog\/wp-content\/uploads\/2014\/02\/1797409_688847421158266_1756470291_n.jpg 640w, https:\/\/janamakeup.com.br\/blog\/wp-content\/uploads\/2014\/02\/1797409_688847421158266_1756470291_n-150x150.jpg 150w, https:\/\/janamakeup.com.br\/blog\/wp-content\/uploads\/2014\/02\/1797409_688847421158266_1756470291_n-300x300.jpg 300w\" sizes=\"auto, (max-width: 640px) 100vw, 640px\" \/><\/a><\/p>\n<p>Comecei a viagem com <span style=\"color: #ff99cc;\">&#8220;A culpa \u00e9 das Estrelas&#8221;<\/span>. Estou lendo aos poucos pra n\u00e3o acabar t\u00e3o r\u00e1pido! haha \ud83d\ude00<\/p>\n<p><a href=\"http:\/\/https:\/\/janamakeup.com.br\/blog\/wp-content\/uploads\/2014\/02\/1044300_689078231135185_1170697520_n.jpg\"><img loading=\"lazy\" decoding=\"async\" class=\"aligncenter size-full wp-image-1700\" alt=\"1044300_689078231135185_1170697520_n\" src=\"http:\/\/https:\/\/janamakeup.com.br\/blog\/wp-content\/uploads\/2014\/02\/1044300_689078231135185_1170697520_n.jpg\" width=\"640\" height=\"640\" srcset=\"https:\/\/janamakeup.com.br\/blog\/wp-content\/uploads\/2014\/02\/1044300_689078231135185_1170697520_n.jpg 640w, https:\/\/janamakeup.com.br\/blog\/wp-content\/uploads\/2014\/02\/1044300_689078231135185_1170697520_n-150x150.jpg 150w, https:\/\/janamakeup.com.br\/blog\/wp-content\/uploads\/2014\/02\/1044300_689078231135185_1170697520_n-300x300.jpg 300w\" sizes=\"auto, (max-width: 640px) 100vw, 640px\" \/><\/a><\/p>\n<p>Chegamos em SP quase 22hrs super cansadinhos! \u2665<\/p>\n<p><a href=\"http:\/\/https:\/\/janamakeup.com.br\/blog\/wp-content\/uploads\/2014\/02\/1511187_689028591140149_2106911542_n.jpg\"><img loading=\"lazy\" decoding=\"async\" class=\"aligncenter size-full wp-image-1702\" alt=\"1511187_689028591140149_2106911542_n\" src=\"http:\/\/https:\/\/janamakeup.com.br\/blog\/wp-content\/uploads\/2014\/02\/1511187_689028591140149_2106911542_n.jpg\" width=\"640\" height=\"640\" srcset=\"https:\/\/janamakeup.com.br\/blog\/wp-content\/uploads\/2014\/02\/1511187_689028591140149_2106911542_n.jpg 640w, https:\/\/janamakeup.com.br\/blog\/wp-content\/uploads\/2014\/02\/1511187_689028591140149_2106911542_n-150x150.jpg 150w, https:\/\/janamakeup.com.br\/blog\/wp-content\/uploads\/2014\/02\/1511187_689028591140149_2106911542_n-300x300.jpg 300w\" sizes=\"auto, (max-width: 640px) 100vw, 640px\" \/><\/a><\/p>\n<p>SP \u00e0 noite \u00e9 t\u00e3o linda n\u00e9? Estou apaixonada por Moema.. Tudo t\u00e3o calminho\u00a0\u2665<\/p>\n<p><a href=\"http:\/\/https:\/\/janamakeup.com.br\/blog\/wp-content\/uploads\/2014\/02\/1901272_689319907777684_1955994076_n.jpg\"><img loading=\"lazy\" decoding=\"async\" class=\"aligncenter size-full wp-image-1708\" alt=\"1901272_689319907777684_1955994076_n\" src=\"http:\/\/https:\/\/janamakeup.com.br\/blog\/wp-content\/uploads\/2014\/02\/1901272_689319907777684_1955994076_n.jpg\" width=\"640\" height=\"640\" srcset=\"https:\/\/janamakeup.com.br\/blog\/wp-content\/uploads\/2014\/02\/1901272_689319907777684_1955994076_n.jpg 640w, https:\/\/janamakeup.com.br\/blog\/wp-content\/uploads\/2014\/02\/1901272_689319907777684_1955994076_n-150x150.jpg 150w, https:\/\/janamakeup.com.br\/blog\/wp-content\/uploads\/2014\/02\/1901272_689319907777684_1955994076_n-300x300.jpg 300w\" sizes=\"auto, (max-width: 640px) 100vw, 640px\" \/><\/a><\/p>\n<p>Ter\u00e7a-feira foi dia de passear pela Avenida Paulista, um dos meus lugares favoritos de Sampa!<\/p>\n<p><a href=\"http:\/\/https:\/\/janamakeup.com.br\/blog\/wp-content\/uploads\/2014\/02\/1796567_689378641105144_681655437_n.jpg\"><img loading=\"lazy\" decoding=\"async\" class=\"aligncenter size-full wp-image-1705\" alt=\"1796567_689378641105144_681655437_n\" src=\"http:\/\/https:\/\/janamakeup.com.br\/blog\/wp-content\/uploads\/2014\/02\/1796567_689378641105144_681655437_n.jpg\" width=\"640\" height=\"640\" srcset=\"https:\/\/janamakeup.com.br\/blog\/wp-content\/uploads\/2014\/02\/1796567_689378641105144_681655437_n.jpg 640w, https:\/\/janamakeup.com.br\/blog\/wp-content\/uploads\/2014\/02\/1796567_689378641105144_681655437_n-150x150.jpg 150w, https:\/\/janamakeup.com.br\/blog\/wp-content\/uploads\/2014\/02\/1796567_689378641105144_681655437_n-300x300.jpg 300w\" sizes=\"auto, (max-width: 640px) 100vw, 640px\" \/><\/a><\/p>\n<p>Paramos no Shopping Paulista para um caf\u00e9zinho no Starbucks. N\u00e3o resisto a esse lugar!\u00a0\u2665<\/p>\n<p><a href=\"http:\/\/https:\/\/janamakeup.com.br\/blog\/wp-content\/uploads\/2014\/02\/1604569_689387351104273_840368681_n.jpg\"><img loading=\"lazy\" decoding=\"async\" class=\"aligncenter size-full wp-image-1703\" alt=\"1604569_689387351104273_840368681_n\" src=\"http:\/\/https:\/\/janamakeup.com.br\/blog\/wp-content\/uploads\/2014\/02\/1604569_689387351104273_840368681_n.jpg\" width=\"640\" height=\"640\" srcset=\"https:\/\/janamakeup.com.br\/blog\/wp-content\/uploads\/2014\/02\/1604569_689387351104273_840368681_n.jpg 640w, https:\/\/janamakeup.com.br\/blog\/wp-content\/uploads\/2014\/02\/1604569_689387351104273_840368681_n-150x150.jpg 150w, https:\/\/janamakeup.com.br\/blog\/wp-content\/uploads\/2014\/02\/1604569_689387351104273_840368681_n-300x300.jpg 300w\" sizes=\"auto, (max-width: 640px) 100vw, 640px\" \/><\/a><\/p>\n<p>Encontrei uma leitora muitooooo linda e simp\u00e1tica l\u00e1 de Bras\u00edlia, que veio passar as f\u00e9rias em SP! Ana, muito obrigada pelo carinho!<\/p>\n<p><a href=\"http:\/\/https:\/\/janamakeup.com.br\/blog\/wp-content\/uploads\/2014\/02\/1798627_689416767767998_516302360_n.jpg\"><img loading=\"lazy\" decoding=\"async\" class=\"aligncenter size-full wp-image-1707\" alt=\"1798627_689416767767998_516302360_n\" src=\"http:\/\/https:\/\/janamakeup.com.br\/blog\/wp-content\/uploads\/2014\/02\/1798627_689416767767998_516302360_n.jpg\" width=\"640\" height=\"640\" srcset=\"https:\/\/janamakeup.com.br\/blog\/wp-content\/uploads\/2014\/02\/1798627_689416767767998_516302360_n.jpg 640w, https:\/\/janamakeup.com.br\/blog\/wp-content\/uploads\/2014\/02\/1798627_689416767767998_516302360_n-150x150.jpg 150w, https:\/\/janamakeup.com.br\/blog\/wp-content\/uploads\/2014\/02\/1798627_689416767767998_516302360_n-300x300.jpg 300w\" sizes=\"auto, (max-width: 640px) 100vw, 640px\" \/><\/a><\/p>\n<p>N\u00e3o pude deixar de passar na Sephora para matar a saudade n\u00e9? AMO de paix\u00e3o essa loja e notei que tenho quase a fam\u00edlia completa nas Naked&#8217;s. S\u00f3 falta a 3, que j\u00e1 j\u00e1 est\u00e1 chegando! haha \ud83d\ude00 #JanaAnsiosa<\/p>\n<p><a href=\"http:\/\/https:\/\/janamakeup.com.br\/blog\/wp-content\/uploads\/2014\/02\/1610087_689455771097431_964238376_n.jpg\"><img loading=\"lazy\" decoding=\"async\" class=\"aligncenter size-full wp-image-1704\" alt=\"1610087_689455771097431_964238376_n\" src=\"http:\/\/https:\/\/janamakeup.com.br\/blog\/wp-content\/uploads\/2014\/02\/1610087_689455771097431_964238376_n.jpg\" width=\"640\" height=\"640\" srcset=\"https:\/\/janamakeup.com.br\/blog\/wp-content\/uploads\/2014\/02\/1610087_689455771097431_964238376_n.jpg 640w, https:\/\/janamakeup.com.br\/blog\/wp-content\/uploads\/2014\/02\/1610087_689455771097431_964238376_n-150x150.jpg 150w, https:\/\/janamakeup.com.br\/blog\/wp-content\/uploads\/2014\/02\/1610087_689455771097431_964238376_n-300x300.jpg 300w\" sizes=\"auto, (max-width: 640px) 100vw, 640px\" \/><\/a><\/p>\n<p>Acabei esquecendo o cart\u00e3o de mem\u00f3ria da c\u00e2mera em Joinville e por isso n\u00e3o fotografamos o look de hoje. Vou comprar um amanh\u00e3 cedinho para registrar fotos lindas para voc\u00eas. Depois posto tudo aqui no blog t\u00e1? \ud83d\ude00<\/p>\n<p><a href=\"http:\/\/https:\/\/janamakeup.com.br\/blog\/wp-content\/uploads\/2014\/02\/1509823_689466487763026_273454942_n.jpg\"><img loading=\"lazy\" decoding=\"async\" class=\"aligncenter size-full wp-image-1701\" alt=\"1509823_689466487763026_273454942_n\" src=\"http:\/\/https:\/\/janamakeup.com.br\/blog\/wp-content\/uploads\/2014\/02\/1509823_689466487763026_273454942_n.jpg\" width=\"640\" height=\"640\" srcset=\"https:\/\/janamakeup.com.br\/blog\/wp-content\/uploads\/2014\/02\/1509823_689466487763026_273454942_n.jpg 640w, https:\/\/janamakeup.com.br\/blog\/wp-content\/uploads\/2014\/02\/1509823_689466487763026_273454942_n-150x150.jpg 150w, https:\/\/janamakeup.com.br\/blog\/wp-content\/uploads\/2014\/02\/1509823_689466487763026_273454942_n-300x300.jpg 300w\" sizes=\"auto, (max-width: 640px) 100vw, 640px\" \/><\/a><\/p>\n<p>Hoje para finalizar o dia, o diretor comandou a cozinha e preparou um Tagliarini com peito de peru e shitake! Nem preciso dizer que ficou uma del\u00edcia n\u00e9? Ele arrasa!<\/p>\n<p>Amanh\u00e3 eu volto com mais fotos de SP para voc\u00eas, mas dessa vez com a c\u00e2mera! N\u00e3o deixem de me seguir no Instagram e conferir todas as fotos! \ud83d\ude42<\/p>\n<p>Espero que tenham gostado!<\/p>\n<p>&nbsp;<\/p>\n<p>&nbsp;<\/p>\n<!--CusAds0-->\n<div style=\"font-size: 0px; height: 0px; line-height: 0px; margin: 0; padding: 0; clear: both;\"><\/div>","protected":false},"excerpt":{"rendered":"<p>Oi amores, tudo bom? Quem me segue l\u00e1 no Instagram j\u00e1 sabe que vim para S\u00e3o Paulo passar a semana aqui! \ud83d\ude42 Vim com o Otto e os pais dele e ficaremos na capital at\u00e9 quinta-feira. Seguimos para Santos e Praia Grande no fim da semana e hoje venho compartilhar as fotos do primeiro dia [&hellip;]<\/p>\n","protected":false},"author":1,"featured_media":0,"comment_status":"open","ping_status":"open","sticky":false,"template":"","format":"standard","meta":{"footnotes":""},"categories":[173,397],"tags":[],"class_list":["post-1699","post","type-post","status-publish","format-standard","hentry","category-jana-em-sp","category-sao-paulo-2"],"_links":{"self":[{"href":"https:\/\/janamakeup.com.br\/blog\/wp-json\/wp\/v2\/posts\/1699","targetHints":{"allow":["GET"]}}],"collection":[{"href":"https:\/\/janamakeup.com.br\/blog\/wp-json\/wp\/v2\/posts"}],"about":[{"href":"https:\/\/janamakeup.com.br\/blog\/wp-json\/wp\/v2\/types\/post"}],"author":[{"embeddable":true,"href":"https:\/\/janamakeup.com.br\/blog\/wp-json\/wp\/v2\/users\/1"}],"replies":[{"embeddable":true,"href":"https:\/\/janamakeup.com.br\/blog\/wp-json\/wp\/v2\/comments?post=1699"}],"version-history":[{"count":4,"href":"https:\/\/janamakeup.com.br\/blog\/wp-json\/wp\/v2\/posts\/1699\/revisions"}],"predecessor-version":[{"id":1712,"href":"https:\/\/janamakeup.com.br\/blog\/wp-json\/wp\/v2\/posts\/1699\/revisions\/1712"}],"wp:attachment":[{"href":"https:\/\/janamakeup.com.br\/blog\/wp-json\/wp\/v2\/media?parent=1699"}],"wp:term":[{"taxonomy":"category","embeddable":true,"href":"https:\/\/janamakeup.com.br\/blog\/wp-json\/wp\/v2\/categories?post=1699"},{"taxonomy":"post_tag","embeddable":true,"href":"https:\/\/janamakeup.com.br\/blog\/wp-json\/wp\/v2\/tags?post=1699"}],"curies":[{"name":"wp","href":"https:\/\/api.w.org\/{rel}","templated":true}]}}