{"id":136,"date":"2013-05-10T17:40:00","date_gmt":"2013-05-10T17:40:00","guid":{"rendered":"http:\/\/janamakeup.com.br\/evento-natura-bento-goncalves-rs\/"},"modified":"2013-05-10T17:40:00","modified_gmt":"2013-05-10T17:40:00","slug":"evento-natura-bento-goncalves-rs","status":"publish","type":"post","link":"https:\/\/janamakeup.com.br\/blog\/evento-natura-bento-goncalves-rs\/","title":{"rendered":"EVENTO NATURA &#8211; BENTO GON\u00c7ALVES (RS)"},"content":{"rendered":"<div><a href=\"http:\/\/2.bp.blogspot.com\/-yUzVLkN8SAw\/UY0qLBKrkbI\/AAAAAAAAKBw\/dHAcb9yxHyg\/s1600\/hare+hare-6-2.jpg\" imageanchor=\"1\"><img loading=\"lazy\" decoding=\"async\" border=\"0\" height=\"426\" src=\"http:\/\/2.bp.blogspot.com\/-yUzVLkN8SAw\/UY0qLBKrkbI\/AAAAAAAAKBw\/dHAcb9yxHyg\/s640\/hare+hare-6-2.jpg\" width=\"640\" title=\"\" alt=\"\" \/><\/a><\/div>\n<div>.<\/div>\n<p><span>Oi amores, tudo bem? Fui convidada pela Natura para conferir de perto os lan\u00e7amentos das linhas Chronos, Aquarela e Todo dia! O evento aconteceu esta semana em Bento Gon\u00e7alves no Rio Grande do Sul. Foram 2 dias de muito aprendizado e pude conhecer de perto as t\u00e9cnicas usadas pela marca. Vamos conferir?<\/span><\/p>\n<div><a href=\"http:\/\/1.bp.blogspot.com\/-hIOS0-TnXjE\/UY0syYcu0LI\/AAAAAAAAKCU\/2qjo2bsW2bE\/s1600\/painel.jpg\" imageanchor=\"1\"><img loading=\"lazy\" decoding=\"async\" border=\"0\" height=\"480\" src=\"http:\/\/1.bp.blogspot.com\/-hIOS0-TnXjE\/UY0syYcu0LI\/AAAAAAAAKCU\/2qjo2bsW2bE\/s640\/painel.jpg\" width=\"640\" title=\"\" alt=\"\" \/><\/a><\/div>\n<div><\/div>\n<div><span>Eu j\u00e1 conhecia alguns lugares do Rio Grande do Sul como Gramado, Canela e Porto Alegre, mas esta foi a primeira vez em Bento Gon\u00e7alves. Fiquei hospedada no Hotel e Spa do Vinho que era lind\u00edssimo por sinal. O local recebe esse nome porque a cidade \u00e9 a rota do vinho no Brasil, com uma vasta quantidade de vin\u00edcolas que eu pretendo voltar em breve para conhecer!\u00a0<\/span><\/div>\n<div><span><br \/><\/span><\/div>\n<div><span>No primeiro dia, conferi as novidades da linha Chronos de limpeza facial. J\u00e1 comecei testando os produtos l\u00e1 mesmo e confesso que estou apaixonada por tudo! A linha possui produtos para pele de mista\/oleosa e de normal\/seca tamb\u00e9m. Vou contar com detalhes para voc\u00eas aqui no blog!<\/span><\/div>\n<div><span>A linha Natura Todo Dia &#8211; Cereja e Avel\u00e3 (aquela que sempre \u00e9 lan\u00e7ada nos invernos, sabe?) tamb\u00e9m esteve presente e o lan\u00e7amento da vez \u00e9 o spray corporal perfumado com o cheirinho caracter\u00edstico e com uma excelente dura\u00e7\u00e3o na pele.<\/span><\/div>\n<div><a href=\"http:\/\/1.bp.blogspot.com\/-IiGdXHnU4M8\/UY0qEc2YpZI\/AAAAAAAAKAo\/Egi1MTy3gos\/s1600\/hare+hare-11-2.jpg\" imageanchor=\"1\"><img loading=\"lazy\" decoding=\"async\" border=\"0\" height=\"426\" src=\"http:\/\/1.bp.blogspot.com\/-IiGdXHnU4M8\/UY0qEc2YpZI\/AAAAAAAAKAo\/Egi1MTy3gos\/s640\/hare+hare-11-2.jpg\" width=\"640\" title=\"\" alt=\"\" \/><\/a><\/div>\n<div><a href=\"http:\/\/1.bp.blogspot.com\/-2ni-pO4h90U\/UY0qG6h7D2I\/AAAAAAAAKBM\/Uqc2Jufk5lU\/s1600\/hare+hare-2-2.jpg\" imageanchor=\"1\"><img loading=\"lazy\" decoding=\"async\" border=\"0\" height=\"426\" src=\"http:\/\/1.bp.blogspot.com\/-2ni-pO4h90U\/UY0qG6h7D2I\/AAAAAAAAKBM\/Uqc2Jufk5lU\/s640\/hare+hare-2-2.jpg\" width=\"640\" title=\"\" alt=\"\" \/><\/a><\/div>\n<div><a href=\"http:\/\/4.bp.blogspot.com\/-EB336XDl6Jg\/UY0qO201J6I\/AAAAAAAAKCI\/D5Pw8Zdf6dg\/s1600\/hare+hare-9-2.jpg\" imageanchor=\"1\"><img loading=\"lazy\" decoding=\"async\" border=\"0\" height=\"426\" src=\"http:\/\/4.bp.blogspot.com\/-EB336XDl6Jg\/UY0qO201J6I\/AAAAAAAAKCI\/D5Pw8Zdf6dg\/s640\/hare+hare-9-2.jpg\" width=\"640\" title=\"\" alt=\"\" \/><\/a><\/div>\n<div><a href=\"http:\/\/4.bp.blogspot.com\/-lJkcIOuNHyI\/UY0qHe24T_I\/AAAAAAAAKBU\/AgPCj5MCMBU\/s1600\/hare+hare-3-2.jpg\" imageanchor=\"1\"><img loading=\"lazy\" decoding=\"async\" border=\"0\" height=\"426\" src=\"http:\/\/4.bp.blogspot.com\/-lJkcIOuNHyI\/UY0qHe24T_I\/AAAAAAAAKBU\/AgPCj5MCMBU\/s640\/hare+hare-3-2.jpg\" width=\"640\" title=\"\" alt=\"\" \/><\/a><\/div>\n<div>.<\/div>\n<div><span>O maquiador da Natura, Marcos Costa esteve presente no evento para fazer as demonstra\u00e7\u00f5es dos novos produtos. \u00c9 uma simpatia em pessoa, amei conhec\u00ea-lo!<\/span><\/div>\n<p><span>A linha Natura Aquarela est\u00e1 de cara nova! Fiquei encantada com as novas embalagens, que est\u00e3o mais robustas e bonitas. A gama de cores est\u00e1 ainda maior, principalmente nos batons! J\u00e1 estou testando tudo para trazer a resenha completa para voc\u00eas ok?<\/span><\/p>\n<div><a href=\"http:\/\/3.bp.blogspot.com\/-K7o-mpoiENA\/UY0qIPYlFfI\/AAAAAAAAKBg\/6ogRQYhJjMI\/s1600\/hare+hare-4-2.jpg\" imageanchor=\"1\"><img loading=\"lazy\" decoding=\"async\" border=\"0\" height=\"426\" src=\"http:\/\/3.bp.blogspot.com\/-K7o-mpoiENA\/UY0qIPYlFfI\/AAAAAAAAKBg\/6ogRQYhJjMI\/s640\/hare+hare-4-2.jpg\" width=\"640\" title=\"\" alt=\"\" \/><\/a><\/div>\n<div><a href=\"http:\/\/3.bp.blogspot.com\/-ngEolxotuSo\/UY0qDUAba3I\/AAAAAAAAKAg\/5PxOr53ys04\/s1600\/hare+hare-1-5.jpg\" imageanchor=\"1\"><img loading=\"lazy\" decoding=\"async\" border=\"0\" height=\"426\" src=\"http:\/\/3.bp.blogspot.com\/-ngEolxotuSo\/UY0qDUAba3I\/AAAAAAAAKAg\/5PxOr53ys04\/s640\/hare+hare-1-5.jpg\" width=\"640\" title=\"\" alt=\"\" \/><\/a><\/div>\n<div><a href=\"http:\/\/4.bp.blogspot.com\/-3zkEtbWdQxE\/UY0qMHSCviI\/AAAAAAAAKB4\/w2XzVIR9Sfk\/s1600\/hare+hare-7-2.jpg\" imageanchor=\"1\"><img loading=\"lazy\" decoding=\"async\" border=\"0\" height=\"426\" src=\"http:\/\/4.bp.blogspot.com\/-3zkEtbWdQxE\/UY0qMHSCviI\/AAAAAAAAKB4\/w2XzVIR9Sfk\/s640\/hare+hare-7-2.jpg\" width=\"640\" title=\"\" alt=\"\" \/><\/a><\/div>\n<div><a href=\"http:\/\/3.bp.blogspot.com\/-yJQvjXmvkTg\/UY0qKD9BSSI\/AAAAAAAAKBo\/QLIX2ZBzrxc\/s1600\/hare+hare-5-2.jpg\" imageanchor=\"1\"><img loading=\"lazy\" decoding=\"async\" border=\"0\" height=\"640\" src=\"http:\/\/3.bp.blogspot.com\/-yJQvjXmvkTg\/UY0qKD9BSSI\/AAAAAAAAKBo\/QLIX2ZBzrxc\/s640\/hare+hare-5-2.jpg\" width=\"426\" title=\"\" alt=\"\" \/><\/a><\/div>\n<div><a href=\"http:\/\/1.bp.blogspot.com\/-jkiEpUGCIDk\/UY0qEtPNVpI\/AAAAAAAAKAs\/TO-mJvT5bt0\/s1600\/hare+hare-10-2.jpg\" imageanchor=\"1\"><img loading=\"lazy\" decoding=\"async\" border=\"0\" height=\"426\" src=\"http:\/\/1.bp.blogspot.com\/-jkiEpUGCIDk\/UY0qEtPNVpI\/AAAAAAAAKAs\/TO-mJvT5bt0\/s640\/hare+hare-10-2.jpg\" width=\"640\" title=\"\" alt=\"\" \/><\/a><\/div>\n<div><a href=\"http:\/\/3.bp.blogspot.com\/-MNWjaPQCqBE\/UY0qFmlZIvI\/AAAAAAAAKA4\/JqmsL39GioM\/s1600\/hare+hare-14-2.jpg\" imageanchor=\"1\"><img loading=\"lazy\" decoding=\"async\" border=\"0\" height=\"426\" src=\"http:\/\/3.bp.blogspot.com\/-MNWjaPQCqBE\/UY0qFmlZIvI\/AAAAAAAAKA4\/JqmsL39GioM\/s640\/hare+hare-14-2.jpg\" width=\"640\" title=\"\" alt=\"\" \/><\/a><\/div>\n<div><\/div>\n<div><a href=\"http:\/\/1.bp.blogspot.com\/-V-LIiEPMFWA\/UY0qNUPtG8I\/AAAAAAAAKCA\/hYlLop7kam8\/s1600\/hare+hare-8-2.jpg\" imageanchor=\"1\"><img loading=\"lazy\" decoding=\"async\" border=\"0\" height=\"426\" src=\"http:\/\/1.bp.blogspot.com\/-V-LIiEPMFWA\/UY0qNUPtG8I\/AAAAAAAAKCA\/hYlLop7kam8\/s640\/hare+hare-8-2.jpg\" width=\"640\" title=\"\" alt=\"\" \/><\/a><\/div>\n<div><a href=\"http:\/\/2.bp.blogspot.com\/-rsk7XFRMuq4\/UY0qGI7s3eI\/AAAAAAAAKBE\/2vq1n8w_mmU\/s1600\/hare+hare-15-2.jpg\" imageanchor=\"1\"><img loading=\"lazy\" decoding=\"async\" border=\"0\" height=\"426\" src=\"http:\/\/2.bp.blogspot.com\/-rsk7XFRMuq4\/UY0qGI7s3eI\/AAAAAAAAKBE\/2vq1n8w_mmU\/s640\/hare+hare-15-2.jpg\" width=\"640\" title=\"\" alt=\"\" \/><\/a><\/div>\n<div>.<\/div>\n<div><span>Espero que tenham gostado das novidades!<\/span><\/div>\n<p><\/p>\n<div><\/div>\n<div><span>Beijos e at\u00e9 o pr\u00f3ximo post!<br \/>Jana Make Up<\/span><\/div>\n<p><span><br \/><\/span><\/p>\n<div><span><br \/><\/span><\/div>\n<div><span><br \/><\/span><\/div>\n<p><span><br \/><\/span><span><br \/><\/span><span><br \/><\/span><\/p>\n<!--CusAds0-->\n<div style=\"font-size: 0px; height: 0px; line-height: 0px; margin: 0; padding: 0; clear: both;\"><\/div>","protected":false},"excerpt":{"rendered":"<p>. Oi amores, tudo bem? Fui convidada pela Natura para conferir de perto os lan\u00e7amentos das linhas Chronos, Aquarela e Todo dia! O evento aconteceu esta semana em Bento Gon\u00e7alves no Rio Grande do Sul. Foram 2 dias de muito aprendizado e pude conhecer de perto as t\u00e9cnicas usadas pela marca. Vamos conferir? Eu j\u00e1 [&hellip;]<\/p>\n","protected":false},"author":1,"featured_media":0,"comment_status":"open","ping_status":"open","sticky":false,"template":"","format":"standard","meta":{"footnotes":""},"categories":[],"tags":[113,39],"class_list":["post-136","post","type-post","status-publish","format-standard","hentry","tag-eventos","tag-natura"],"_links":{"self":[{"href":"https:\/\/janamakeup.com.br\/blog\/wp-json\/wp\/v2\/posts\/136","targetHints":{"allow":["GET"]}}],"collection":[{"href":"https:\/\/janamakeup.com.br\/blog\/wp-json\/wp\/v2\/posts"}],"about":[{"href":"https:\/\/janamakeup.com.br\/blog\/wp-json\/wp\/v2\/types\/post"}],"author":[{"embeddable":true,"href":"https:\/\/janamakeup.com.br\/blog\/wp-json\/wp\/v2\/users\/1"}],"replies":[{"embeddable":true,"href":"https:\/\/janamakeup.com.br\/blog\/wp-json\/wp\/v2\/comments?post=136"}],"version-history":[{"count":0,"href":"https:\/\/janamakeup.com.br\/blog\/wp-json\/wp\/v2\/posts\/136\/revisions"}],"wp:attachment":[{"href":"https:\/\/janamakeup.com.br\/blog\/wp-json\/wp\/v2\/media?parent=136"}],"wp:term":[{"taxonomy":"category","embeddable":true,"href":"https:\/\/janamakeup.com.br\/blog\/wp-json\/wp\/v2\/categories?post=136"},{"taxonomy":"post_tag","embeddable":true,"href":"https:\/\/janamakeup.com.br\/blog\/wp-json\/wp\/v2\/tags?post=136"}],"curies":[{"name":"wp","href":"https:\/\/api.w.org\/{rel}","templated":true}]}}