{"id":5274,"date":"2015-09-23T16:07:58","date_gmt":"2015-09-23T19:07:58","guid":{"rendered":"http:\/\/janamakeup.com.br\/?p=5274"},"modified":"2015-09-23T16:07:58","modified_gmt":"2015-09-23T19:07:58","slug":"resenha-episol-color-mantecorp-skincare","status":"publish","type":"post","link":"http:\/\/janamakeup.com.br\/blog\/resenha-episol-color-mantecorp-skincare\/","title":{"rendered":"Resenha: Episol Color &#8211; Mantecorp Skincare"},"content":{"rendered":"<p class=\"p1\"><span class=\"s1\">Oi amores, tudo bem? O post de hoje \u00e9 uma resenha de um produto que j\u00e1 virou meu queridinho: O <strong>Episol Color da Mantecorp Skincare.<\/strong> Estou usando muito no meu dia-a-dia e hoje vim contar mais detalhes dele para voc\u00eas. Vamos conferir?<\/span><\/p>\n<p><a href=\"http:\/\/https:\/\/janamakeup.com.br\/blog\/wp-content\/uploads\/2015\/09\/DSC00378.jpg\"><img loading=\"lazy\" decoding=\"async\" class=\"aligncenter size-full wp-image-5275\" src=\"http:\/\/https:\/\/janamakeup.com.br\/blog\/wp-content\/uploads\/2015\/09\/DSC00378.jpg\" alt=\"DSC00378\" width=\"6000\" height=\"3376\" srcset=\"http:\/\/janamakeup.com.br\/blog\/wp-content\/uploads\/2015\/09\/DSC00378.jpg 6000w, http:\/\/janamakeup.com.br\/blog\/wp-content\/uploads\/2015\/09\/DSC00378-300x169.jpg 300w, http:\/\/janamakeup.com.br\/blog\/wp-content\/uploads\/2015\/09\/DSC00378-1024x576.jpg 1024w\" sizes=\"auto, (max-width: 6000px) 100vw, 6000px\" \/><\/a><\/p>\n<p><strong>O que \u00e9? <span style=\"color: #ff99cc;\">\u00c9 um protetor solar com efeito base!<\/span><\/strong> O que eu mais gostei nele \u00e9 a praticidade. N\u00e3o preciso mais me preocupar porque tenho dois produtos em um s\u00f3! O fator de prote\u00e7\u00e3o \u00e9 70 FPS, o que \u00e9 muitoooo bom para a nossa pele, tem alta prote\u00e7\u00e3o UVA, UVB, luz vis\u00edvel e raios infravermelhos A, al\u00e9m de deixar um acabamento lindo!<\/p>\n<p><a href=\"http:\/\/https:\/\/janamakeup.com.br\/blog\/wp-content\/uploads\/2015\/09\/DSC00379.jpg\"><img loading=\"lazy\" decoding=\"async\" class=\"aligncenter size-full wp-image-5276\" src=\"http:\/\/https:\/\/janamakeup.com.br\/blog\/wp-content\/uploads\/2015\/09\/DSC00379.jpg\" alt=\"DSC00379\" width=\"6000\" height=\"3376\" srcset=\"http:\/\/janamakeup.com.br\/blog\/wp-content\/uploads\/2015\/09\/DSC00379.jpg 6000w, http:\/\/janamakeup.com.br\/blog\/wp-content\/uploads\/2015\/09\/DSC00379-300x169.jpg 300w, http:\/\/janamakeup.com.br\/blog\/wp-content\/uploads\/2015\/09\/DSC00379-1024x576.jpg 1024w\" sizes=\"auto, (max-width: 6000px) 100vw, 6000px\" \/><\/a><\/p>\n<p>A embalagem dele \u00e9 em forma de bisnaga, o que facilita muito na hora de carregar na necessaire\/bolsa porque ela \u00e9 pequenininha e super compacta. AMO embalagens assim! O produto vem com 40g. <em>Ele \u00e9 hipoalerg\u00eanico \u00f3timo para quem tem a pele sens\u00edvel! \ud83d\ude42<\/em><\/p>\n<p><a href=\"http:\/\/https:\/\/janamakeup.com.br\/blog\/wp-content\/uploads\/2015\/09\/DSC00391.jpg\"><img loading=\"lazy\" decoding=\"async\" class=\"aligncenter size-full wp-image-5278\" src=\"http:\/\/https:\/\/janamakeup.com.br\/blog\/wp-content\/uploads\/2015\/09\/DSC00391.jpg\" alt=\"DSC00391\" width=\"6000\" height=\"3376\" srcset=\"http:\/\/janamakeup.com.br\/blog\/wp-content\/uploads\/2015\/09\/DSC00391.jpg 6000w, http:\/\/janamakeup.com.br\/blog\/wp-content\/uploads\/2015\/09\/DSC00391-300x169.jpg 300w, http:\/\/janamakeup.com.br\/blog\/wp-content\/uploads\/2015\/09\/DSC00391-1024x576.jpg 1024w\" sizes=\"auto, (max-width: 6000px) 100vw, 6000px\" \/><\/a><\/p>\n<p>Nessa primeira foto, como voc\u00eas podem ver minha pele est\u00e1 completamente limpa e sem make. Tenho algumas manchinhas de espinhas nas laterais e a regi\u00e3o da olheira mais escurecida.<\/p>\n<p><a href=\"http:\/\/https:\/\/janamakeup.com.br\/blog\/wp-content\/uploads\/2015\/09\/DSC00397.jpg\"><img loading=\"lazy\" decoding=\"async\" class=\"aligncenter size-full wp-image-5279\" src=\"http:\/\/https:\/\/janamakeup.com.br\/blog\/wp-content\/uploads\/2015\/09\/DSC00397.jpg\" alt=\"DSC00397\" width=\"6000\" height=\"3376\" srcset=\"http:\/\/janamakeup.com.br\/blog\/wp-content\/uploads\/2015\/09\/DSC00397.jpg 6000w, http:\/\/janamakeup.com.br\/blog\/wp-content\/uploads\/2015\/09\/DSC00397-300x169.jpg 300w, http:\/\/janamakeup.com.br\/blog\/wp-content\/uploads\/2015\/09\/DSC00397-1024x576.jpg 1024w\" sizes=\"auto, (max-width: 6000px) 100vw, 6000px\" \/><\/a><\/p>\n<p>Na segunda foto, estou usando uma cama de <strong>Episol Color<\/strong> e j\u00e1 d\u00e1 para notar uma diferen\u00e7a enorme n\u00e9? A cobertura \u00f3tima e a minha cor \u00e9 a <strong><span style=\"color: #33cccc;\">\u201cPele Clara\u201d<\/span><\/strong><\/p>\n<p><a href=\"http:\/\/https:\/\/janamakeup.com.br\/blog\/wp-content\/uploads\/2015\/09\/DSC00400.jpg\"><img loading=\"lazy\" decoding=\"async\" class=\"aligncenter size-full wp-image-5280\" src=\"http:\/\/https:\/\/janamakeup.com.br\/blog\/wp-content\/uploads\/2015\/09\/DSC00400.jpg\" alt=\"DSC00400\" width=\"6000\" height=\"3376\" srcset=\"http:\/\/janamakeup.com.br\/blog\/wp-content\/uploads\/2015\/09\/DSC00400.jpg 6000w, http:\/\/janamakeup.com.br\/blog\/wp-content\/uploads\/2015\/09\/DSC00400-300x169.jpg 300w, http:\/\/janamakeup.com.br\/blog\/wp-content\/uploads\/2015\/09\/DSC00400-1024x576.jpg 1024w\" sizes=\"auto, (max-width: 6000px) 100vw, 6000px\" \/><\/a><\/p>\n<p>Achei super bonito o acabamento que o Episol deixou na minha pele, al\u00e9m de cobrir todas as minhas manchas.<\/p>\n<p><a href=\"http:\/\/https:\/\/janamakeup.com.br\/blog\/wp-content\/uploads\/2015\/09\/DSC00401.jpg\"><img loading=\"lazy\" decoding=\"async\" class=\"aligncenter size-full wp-image-5281\" src=\"http:\/\/https:\/\/janamakeup.com.br\/blog\/wp-content\/uploads\/2015\/09\/DSC00401.jpg\" alt=\"DSC00401\" width=\"6000\" height=\"3376\" srcset=\"http:\/\/janamakeup.com.br\/blog\/wp-content\/uploads\/2015\/09\/DSC00401.jpg 6000w, http:\/\/janamakeup.com.br\/blog\/wp-content\/uploads\/2015\/09\/DSC00401-300x169.jpg 300w, http:\/\/janamakeup.com.br\/blog\/wp-content\/uploads\/2015\/09\/DSC00401-1024x576.jpg 1024w\" sizes=\"auto, (max-width: 6000px) 100vw, 6000px\" \/><\/a><\/p>\n<p>Nessa \u00faltima foto, \u00e9 o resultado completo da maquiagem que eu uso no dia-a-dia: Episol Color, blush, r\u00edmel e batom. Fica super natural e bonito n\u00e9?<\/p>\n<p>Conhe\u00e7a a <a href=\"https:\/\/www.facebook.com\/MantecorpSkincareOficial?fref=ts\">Fanpage<\/a> e o <a href=\"https:\/\/instagram.com\/mantecorpskincare\/\">Instagram<\/a> da marca para saber tudo sobre os produtos e lan\u00e7amentos!<br \/>\nLegal n\u00e9? Quem a\u00ed j\u00e1 conhece e tamb\u00e9m usa esse produto? Deixem nos coment\u00e1rios! \ud83d\ude42<\/p>\n<!--CusAds0-->\n<div style=\"font-size: 0px; height: 0px; line-height: 0px; margin: 0; padding: 0; clear: both;\"><\/div>","protected":false},"excerpt":{"rendered":"<p>Oi amores, tudo bem? O post de hoje \u00e9 uma resenha de um produto que j\u00e1 virou meu queridinho: O Episol Color da Mantecorp Skincare. Estou usando muito no meu dia-a-dia e hoje vim contar mais detalhes dele para voc\u00eas. Vamos conferir? O que \u00e9? \u00c9 um protetor solar com efeito base! O que eu [&hellip;]<\/p>\n","protected":false},"author":1,"featured_media":0,"comment_status":"open","ping_status":"open","sticky":false,"template":"","format":"standard","meta":{"footnotes":""},"categories":[143],"tags":[268,701,700,702,688,91],"class_list":["post-5274","post","type-post","status-publish","format-standard","hentry","category-resenhas","tag-bases","tag-episol","tag-mantecorp-skincare","tag-protetor-solar","tag-publicidade","tag-resenha"],"_links":{"self":[{"href":"http:\/\/janamakeup.com.br\/blog\/wp-json\/wp\/v2\/posts\/5274","targetHints":{"allow":["GET"]}}],"collection":[{"href":"http:\/\/janamakeup.com.br\/blog\/wp-json\/wp\/v2\/posts"}],"about":[{"href":"http:\/\/janamakeup.com.br\/blog\/wp-json\/wp\/v2\/types\/post"}],"author":[{"embeddable":true,"href":"http:\/\/janamakeup.com.br\/blog\/wp-json\/wp\/v2\/users\/1"}],"replies":[{"embeddable":true,"href":"http:\/\/janamakeup.com.br\/blog\/wp-json\/wp\/v2\/comments?post=5274"}],"version-history":[{"count":1,"href":"http:\/\/janamakeup.com.br\/blog\/wp-json\/wp\/v2\/posts\/5274\/revisions"}],"predecessor-version":[{"id":5282,"href":"http:\/\/janamakeup.com.br\/blog\/wp-json\/wp\/v2\/posts\/5274\/revisions\/5282"}],"wp:attachment":[{"href":"http:\/\/janamakeup.com.br\/blog\/wp-json\/wp\/v2\/media?parent=5274"}],"wp:term":[{"taxonomy":"category","embeddable":true,"href":"http:\/\/janamakeup.com.br\/blog\/wp-json\/wp\/v2\/categories?post=5274"},{"taxonomy":"post_tag","embeddable":true,"href":"http:\/\/janamakeup.com.br\/blog\/wp-json\/wp\/v2\/tags?post=5274"}],"curies":[{"name":"wp","href":"https:\/\/api.w.org\/{rel}","templated":true}]}}