{"id":4231,"date":"2015-02-08T01:31:57","date_gmt":"2015-02-08T04:31:57","guid":{"rendered":"http:\/\/janamakeup.com.br\/?p=4231"},"modified":"2015-02-08T01:34:14","modified_gmt":"2015-02-08T04:34:14","slug":"os-batons-que-eu-usei-nos-eua-%e2%99%a5","status":"publish","type":"post","link":"http:\/\/janamakeup.com.br\/blog\/os-batons-que-eu-usei-nos-eua-%e2%99%a5\/","title":{"rendered":"Os batons que eu usei nos EUA! \u2665"},"content":{"rendered":"<p>Oi amores, tudo bem? Sem d\u00favidas essa era a pergunta que eu mais recebia nas redes sociais durante a viagem: <span style=\"color: #ff99cc;\">&#8220;Jana, qual batom voc\u00ea est\u00e1 usando?&#8221;<\/span>, <span style=\"color: #33cccc;\">&#8220;Jana, que batom \u00e9 esse?<\/span>&#8221; e acaba ficando dif\u00edcil responder um por um! Por isso, v\u00e1rias leitoras pediram para que eu fizesse um post mostrando as cores que eu mais usei na viagem! O mais engra\u00e7ado \u00e9 que enquanto eu preparava o post, percebi que todos os batons eram da <a href=\"http:\/\/www.maccosmetics.com.br\/\">MAC<\/a>! <del>haha<\/del>. N\u00e3o \u00e9 publi viu? \u00c9 coincid\u00eancia mesmo! \ud83d\ude1b A MAC \u00e9 uma das minhas marcas favoritas e aproveito para comprar os produtos da minha wishlist nas viagens e foi exatamente isso que eu fiz dessa vez! Todos os batons que eu vou mostrar nesse post foram comprados l\u00e1 e obviamente eu queria inaugurar o quanto antes, por isso usei muitoooo nas fotos como voc\u00eas puderam perceber! <del>haha<\/del> Vamos conferir?<\/p>\n<p><span style=\"color: #ff99cc;\">Velvet Teddy:<\/span><br \/>\n<a href=\"http:\/\/https:\/\/janamakeup.com.br\/blog\/wp-content\/uploads\/2015\/02\/velvet-teddy.jpg\"><img loading=\"lazy\" decoding=\"async\" class=\"aligncenter size-full wp-image-4235\" src=\"http:\/\/https:\/\/janamakeup.com.br\/blog\/wp-content\/uploads\/2015\/02\/velvet-teddy.jpg\" alt=\"velvet teddy\" width=\"3000\" height=\"1500\" srcset=\"http:\/\/janamakeup.com.br\/blog\/wp-content\/uploads\/2015\/02\/velvet-teddy.jpg 3000w, http:\/\/janamakeup.com.br\/blog\/wp-content\/uploads\/2015\/02\/velvet-teddy-300x150.jpg 300w, http:\/\/janamakeup.com.br\/blog\/wp-content\/uploads\/2015\/02\/velvet-teddy-1024x512.jpg 1024w\" sizes=\"auto, (max-width: 3000px) 100vw, 3000px\" \/><\/a>Um nude lindooo em acabamento matte! Dizem que \u00e9 um dos batons que a Kylie Jenner usa, confere produ\u00e7\u00e3o? O que eu mais gostei nele, \u00e9 que n\u00e3o \u00e9 aquele nude corretivo sabe? Ele \u00e9 mais puxadinho para o marrom! N\u00e3o sou de usar batons nudes com tanta frequ\u00eancia mas esse sem d\u00favidas roubou meu cora\u00e7\u00e3o \u2665<\/p>\n<p><span style=\"color: #ff99cc;\">Pink Pigeon:<\/span><br \/>\n<a href=\"http:\/\/https:\/\/janamakeup.com.br\/blog\/wp-content\/uploads\/2015\/02\/pink-pigeon.jpg\"><img loading=\"lazy\" decoding=\"async\" class=\"aligncenter size-full wp-image-4233\" src=\"http:\/\/https:\/\/janamakeup.com.br\/blog\/wp-content\/uploads\/2015\/02\/pink-pigeon.jpg\" alt=\"pink pigeon\" width=\"3000\" height=\"1500\" srcset=\"http:\/\/janamakeup.com.br\/blog\/wp-content\/uploads\/2015\/02\/pink-pigeon.jpg 3000w, http:\/\/janamakeup.com.br\/blog\/wp-content\/uploads\/2015\/02\/pink-pigeon-300x150.jpg 300w, http:\/\/janamakeup.com.br\/blog\/wp-content\/uploads\/2015\/02\/pink-pigeon-1024x512.jpg 1024w\" sizes=\"auto, (max-width: 3000px) 100vw, 3000px\" \/><\/a>Um dos rosas mais lindos da minha cole\u00e7\u00e3o! Parece muito com o Candy Yum Yum e tem acabamento matte tamb\u00e9m (meu acabamento favorito porque dura muito e fica sequinho nos l\u00e1bios). O tom \u00e9 super aberto e alegre, amei usar nos dias de sol em Orlando \ud83d\ude42<\/p>\n<p><span style=\"color: #ff99cc;\">DIVA:<\/span><\/p>\n<p><a href=\"http:\/\/https:\/\/janamakeup.com.br\/blog\/wp-content\/uploads\/2015\/02\/diva.jpg\"><img loading=\"lazy\" decoding=\"async\" class=\"aligncenter size-full wp-image-4232\" src=\"http:\/\/https:\/\/janamakeup.com.br\/blog\/wp-content\/uploads\/2015\/02\/diva.jpg\" alt=\"diva\" width=\"3000\" height=\"1500\" srcset=\"http:\/\/janamakeup.com.br\/blog\/wp-content\/uploads\/2015\/02\/diva.jpg 3000w, http:\/\/janamakeup.com.br\/blog\/wp-content\/uploads\/2015\/02\/diva-300x150.jpg 300w, http:\/\/janamakeup.com.br\/blog\/wp-content\/uploads\/2015\/02\/diva-1024x512.jpg 1024w\" sizes=\"auto, (max-width: 3000px) 100vw, 3000px\" \/><\/a><em><span style=\"color: #ff99cc;\">&#8220;Na na na DIVA is a female version of a hustla&#8221;<\/span> <\/em>Sempre lembro dessa m\u00fasica quando penso nesse batom! <del>hahaha<\/del>. Ele \u00e9 lindooo demais, um tom bem mais invernal sabe? Tamb\u00e9m tem acabamento matte \u2665<\/p>\n<p><span style=\"color: #ff99cc;\">Riri Woo:<\/span><br \/>\n<a href=\"http:\/\/https:\/\/janamakeup.com.br\/blog\/wp-content\/uploads\/2015\/02\/riri-woo.jpg\"><img loading=\"lazy\" decoding=\"async\" class=\"aligncenter size-full wp-image-4234\" src=\"http:\/\/https:\/\/janamakeup.com.br\/blog\/wp-content\/uploads\/2015\/02\/riri-woo.jpg\" alt=\"riri woo\" width=\"3000\" height=\"1500\" srcset=\"http:\/\/janamakeup.com.br\/blog\/wp-content\/uploads\/2015\/02\/riri-woo.jpg 3000w, http:\/\/janamakeup.com.br\/blog\/wp-content\/uploads\/2015\/02\/riri-woo-300x150.jpg 300w, http:\/\/janamakeup.com.br\/blog\/wp-content\/uploads\/2015\/02\/riri-woo-1024x512.jpg 1024w\" sizes=\"auto, (max-width: 3000px) 100vw, 3000px\" \/><\/a><\/p>\n<p>Sem d\u00favidas esse fez muitoooo sucesso! Usei diversas vezes, inclusive na noite de Natal e todo mundo me perguntou qual era a cor! Um vermelho tradicional incr\u00edvel (igualzinho Ruby Woo), bem do jeito que eu amo! Arrasou Riri \ud83d\ude42<\/p>\n<p>Essas foram todas as cores que eu usei na viagem, se voc\u00ea ver outra foto com um tom parecido com certeza \u00e9 algum desses aqui!<\/p>\n<p>Espero que voc\u00eas tenham gostado de saber e matado a curiosidade amores!<strong><span style=\"color: #33cccc;\"> Qual \u00e9 o seu favorito?<\/span><\/strong> \ud83d\ude42<\/p>\n<!--CusAds0-->\n<div style=\"font-size: 0px; height: 0px; line-height: 0px; margin: 0; padding: 0; clear: both;\"><\/div>","protected":false},"excerpt":{"rendered":"<p>Oi amores, tudo bem? Sem d\u00favidas essa era a pergunta que eu mais recebia nas redes sociais durante a viagem: &#8220;Jana, qual batom voc\u00ea est\u00e1 usando?&#8221;, &#8220;Jana, que batom \u00e9 esse?&#8221; e acaba ficando dif\u00edcil responder um por um! Por isso, v\u00e1rias leitoras pediram para que eu fizesse um post mostrando as cores que eu [&hellip;]<\/p>\n","protected":false},"author":1,"featured_media":0,"comment_status":"open","ping_status":"open","sticky":false,"template":"","format":"standard","meta":{"footnotes":""},"categories":[143],"tags":[16,581],"class_list":["post-4231","post","type-post","status-publish","format-standard","hentry","category-resenhas","tag-batom-da-mac","tag-jana-nos-eua"],"_links":{"self":[{"href":"http:\/\/janamakeup.com.br\/blog\/wp-json\/wp\/v2\/posts\/4231","targetHints":{"allow":["GET"]}}],"collection":[{"href":"http:\/\/janamakeup.com.br\/blog\/wp-json\/wp\/v2\/posts"}],"about":[{"href":"http:\/\/janamakeup.com.br\/blog\/wp-json\/wp\/v2\/types\/post"}],"author":[{"embeddable":true,"href":"http:\/\/janamakeup.com.br\/blog\/wp-json\/wp\/v2\/users\/1"}],"replies":[{"embeddable":true,"href":"http:\/\/janamakeup.com.br\/blog\/wp-json\/wp\/v2\/comments?post=4231"}],"version-history":[{"count":3,"href":"http:\/\/janamakeup.com.br\/blog\/wp-json\/wp\/v2\/posts\/4231\/revisions"}],"predecessor-version":[{"id":4238,"href":"http:\/\/janamakeup.com.br\/blog\/wp-json\/wp\/v2\/posts\/4231\/revisions\/4238"}],"wp:attachment":[{"href":"http:\/\/janamakeup.com.br\/blog\/wp-json\/wp\/v2\/media?parent=4231"}],"wp:term":[{"taxonomy":"category","embeddable":true,"href":"http:\/\/janamakeup.com.br\/blog\/wp-json\/wp\/v2\/categories?post=4231"},{"taxonomy":"post_tag","embeddable":true,"href":"http:\/\/janamakeup.com.br\/blog\/wp-json\/wp\/v2\/tags?post=4231"}],"curies":[{"name":"wp","href":"https:\/\/api.w.org\/{rel}","templated":true}]}}