{"id":382,"date":"2012-06-08T20:07:00","date_gmt":"2012-06-08T20:07:00","guid":{"rendered":"http:\/\/janamakeup.com.br\/como-eu-corto-a-minha-franja\/"},"modified":"2014-01-10T02:54:21","modified_gmt":"2014-01-10T02:54:21","slug":"como-eu-corto-a-minha-franja","status":"publish","type":"post","link":"http:\/\/janamakeup.com.br\/blog\/como-eu-corto-a-minha-franja\/","title":{"rendered":"Como eu corto a minha franja?"},"content":{"rendered":"<p><span>Oi meninas! <i>Esse sem d\u00favidas \u00e9 um dos v\u00eddeos mais pedidos que eu j\u00e1 recebi no canal!<\/i> (O mais pedido de todos, que at\u00e9 hoje me pedem \u00e9 o de <span>Tour pelo meu quarto e cole\u00e7\u00e3o de maquiagens<\/span>, se voc\u00ea ainda n\u00e3o viu <a href=\"http:\/\/www.youtube.com\/watch?v=yGJjf-FgIY8\"><span>CLIQUE AQUI<\/span><\/a>). Enfim, gravei o tutorial que voc\u00eas tanto pediam: <b><span>Como eu corto a minha franja?<\/span><\/b> Como podem perceber \u00e9 rapido, mas tem que ter um controle, m\u00e3o firme e ir fazendo aos poucos. Se caso der errado voc\u00ea n\u00e3o estragou tanto n\u00e9? <i>Vamos conferir o passo-a-passo e ter uma franja igual a minha?<\/i><\/span><\/p>\n<div><a href=\"http:\/\/1.bp.blogspot.com\/-g6R_hrUVZss\/T9JbfUGEHzI\/AAAAAAAACIs\/bouicWijFLc\/s1600\/como+corto5-edited.jpg\"><img loading=\"lazy\" decoding=\"async\" alt=\"\" src=\"http:\/\/1.bp.blogspot.com\/-g6R_hrUVZss\/T9JbfUGEHzI\/AAAAAAAACIs\/bouicWijFLc\/s640\/como+corto5-edited.jpg\" width=\"640\" height=\"426\" border=\"0\" \/><\/a><\/div>\n<div><a href=\"http:\/\/3.bp.blogspot.com\/-Ir4p0IBPqSY\/T9JDh6ZZJEI\/AAAAAAAACII\/jdEJ9keI6oE\/s1600\/franja-3.JPG\"><img loading=\"lazy\" decoding=\"async\" alt=\"\" src=\"http:\/\/3.bp.blogspot.com\/-Ir4p0IBPqSY\/T9JDh6ZZJEI\/AAAAAAAACII\/jdEJ9keI6oE\/s640\/franja-3.JPG\" width=\"640\" height=\"426\" border=\"0\" \/><\/a><\/div>\n<div><a href=\"http:\/\/1.bp.blogspot.com\/-Z0oJOkJkVUE\/T9JDmRyGSCI\/AAAAAAAACIY\/H1EN5yZ6yk0\/s1600\/franja-6.JPG\"><img loading=\"lazy\" decoding=\"async\" alt=\"\" src=\"http:\/\/1.bp.blogspot.com\/-Z0oJOkJkVUE\/T9JDmRyGSCI\/AAAAAAAACIY\/H1EN5yZ6yk0\/s640\/franja-6.JPG\" width=\"640\" height=\"426\" border=\"0\" \/><\/a><\/div>\n<div><a href=\"http:\/\/4.bp.blogspot.com\/-RzbTEreNutU\/T9JDoSfOQqI\/AAAAAAAACIg\/ve_8FiCHspQ\/s1600\/franja-7.JPG\"><img loading=\"lazy\" decoding=\"async\" alt=\"\" src=\"http:\/\/4.bp.blogspot.com\/-RzbTEreNutU\/T9JDoSfOQqI\/AAAAAAAACIg\/ve_8FiCHspQ\/s640\/franja-7.JPG\" width=\"640\" height=\"426\" border=\"0\" \/><\/a><\/div>\n<p><span>Ao inv\u00e9s da tesoura, o material utilizado para o corte \u00e9 a <b>navalha<\/b>, por dar um acabamento mais desfiado e despojado da forma como eu prefiro. <i>Ela exige um cuidado extremo ao ser manuseado! <\/i>Voc\u00ea pode encontrar em casas de cabeleireiro ou cosm\u00e9ticos.<\/span> <span><b>No v\u00eddeo abaixo, voc\u00ea vai aprender como eu corto, materiais utilizados e qual \u00e9 o meu cuidado di\u00e1rio com a franja:<\/b><\/span><\/p>\n<p><b><\/b>\u00a0<iframe loading=\"lazy\" src=\"\/\/www.youtube.com\/embed\/t1tfs_P2Q_k\" height=\"450\" width=\"740\" allowfullscreen=\"\" frameborder=\"0\"><\/iframe><\/p>\n<p>Espero que tenha matado a curiosidade de voc\u00eas, ajudado as meninas que v\u00e3o se encorajar e cortar tamb\u00e9m. Enviem para o meu e-mail: <b>jana.contatomake@gmail.com<\/b> As fotos de voc\u00eas com as franjinhas cortadas ok? Quem sabe rola um post aqui no blog com as fotos?!<\/p>\n<div><span>Beijos e at\u00e9 o pr\u00f3ximo post!<\/span><\/div>\n<div><span>Jana Make Up<\/span><\/div>\n<p><span>\u00a0<\/span><\/p>\n<!--CusAds0-->\n<div style=\"font-size: 0px; height: 0px; line-height: 0px; margin: 0; padding: 0; clear: both;\"><\/div>","protected":false},"excerpt":{"rendered":"<p>Oi meninas! Esse sem d\u00favidas \u00e9 um dos v\u00eddeos mais pedidos que eu j\u00e1 recebi no canal! (O mais pedido de todos, que at\u00e9 hoje me pedem \u00e9 o de Tour pelo meu quarto e cole\u00e7\u00e3o de maquiagens, se voc\u00ea ainda n\u00e3o viu CLIQUE AQUI). Enfim, gravei o tutorial que voc\u00eas tanto pediam: Como eu [&hellip;]<\/p>\n","protected":false},"author":1,"featured_media":0,"comment_status":"open","ping_status":"open","sticky":false,"template":"","format":"standard","meta":{"footnotes":""},"categories":[34],"tags":[647,676,110],"class_list":["post-382","post","type-post","status-publish","format-standard","hentry","category-tutorial","tag-cabelo","tag-jana-make-up","tag-videos"],"_links":{"self":[{"href":"http:\/\/janamakeup.com.br\/blog\/wp-json\/wp\/v2\/posts\/382","targetHints":{"allow":["GET"]}}],"collection":[{"href":"http:\/\/janamakeup.com.br\/blog\/wp-json\/wp\/v2\/posts"}],"about":[{"href":"http:\/\/janamakeup.com.br\/blog\/wp-json\/wp\/v2\/types\/post"}],"author":[{"embeddable":true,"href":"http:\/\/janamakeup.com.br\/blog\/wp-json\/wp\/v2\/users\/1"}],"replies":[{"embeddable":true,"href":"http:\/\/janamakeup.com.br\/blog\/wp-json\/wp\/v2\/comments?post=382"}],"version-history":[{"count":3,"href":"http:\/\/janamakeup.com.br\/blog\/wp-json\/wp\/v2\/posts\/382\/revisions"}],"predecessor-version":[{"id":1347,"href":"http:\/\/janamakeup.com.br\/blog\/wp-json\/wp\/v2\/posts\/382\/revisions\/1347"}],"wp:attachment":[{"href":"http:\/\/janamakeup.com.br\/blog\/wp-json\/wp\/v2\/media?parent=382"}],"wp:term":[{"taxonomy":"category","embeddable":true,"href":"http:\/\/janamakeup.com.br\/blog\/wp-json\/wp\/v2\/categories?post=382"},{"taxonomy":"post_tag","embeddable":true,"href":"http:\/\/janamakeup.com.br\/blog\/wp-json\/wp\/v2\/tags?post=382"}],"curies":[{"name":"wp","href":"https:\/\/api.w.org\/{rel}","templated":true}]}}