{"id":34,"date":"2013-09-25T16:04:00","date_gmt":"2013-09-25T16:04:00","guid":{"rendered":"http:\/\/janamakeup.com.br\/ombre-lips-para-o-verao\/"},"modified":"2014-01-10T03:39:45","modified_gmt":"2014-01-10T03:39:45","slug":"ombre-lips-para-o-verao","status":"publish","type":"post","link":"http:\/\/janamakeup.com.br\/blog\/ombre-lips-para-o-verao\/","title":{"rendered":"OMBR\u00c9 LIPS PARA O VER\u00c3O!"},"content":{"rendered":"<div><\/div>\n<div><a href=\"http:\/\/1.bp.blogspot.com\/-_Rya-5XrmlA\/UkMHC0RTXdI\/AAAAAAAAOYI\/2UGTZyb8oQY\/s1600\/capavideo.jpg\"><img loading=\"lazy\" decoding=\"async\" alt=\"\" src=\"http:\/\/1.bp.blogspot.com\/-_Rya-5XrmlA\/UkMHC0RTXdI\/AAAAAAAAOYI\/2UGTZyb8oQY\/s640\/capavideo.jpg\" width=\"640\" height=\"428\" border=\"0\" \/><\/a><\/div>\n<div><\/div>\n<div><span>Oi amores, tudo bom? O v\u00eddeo de hoje \u00e9 um tutorial de <span>&#8220;Ombr\u00e9 Lips&#8221; <\/span>utilizando batom vermelho, pink e laranja. \u00c9\u00a0super r\u00e1pido e f\u00e1cil e vai estar super em alta agora no ver\u00e3o! Uma maneira diferente de destacar os l\u00e1bios, sem ficar exagerado e voc\u00ea pode usar com uma maquiagem mais leve, ou carregar no delineador assim como eu fiz. Vamos conferir?<\/span><\/div>\n<p><iframe loading=\"lazy\" src=\"\/\/www.youtube.com\/embed\/g1kTYBkmi4c\" height=\"450\" width=\"740\" allowfullscreen=\"\" frameborder=\"0\"><\/iframe><\/p>\n<p><span>Produtos Usados:<\/span><br \/>\n<span><br \/>\n<\/span><span>&#8211; Batom True Red 090: Revlon<\/span><br \/>\n<span>&#8211; Eletric Pink: Maybelline<\/span><br \/>\n<span>&#8211; Batom Pop Colors Neon: O Botic\u00e1rio<\/span><span><br \/>\n<\/span><\/p>\n<div><a href=\"http:\/\/2.bp.blogspot.com\/-xMe64xgkh2s\/UkMHBieVBzI\/AAAAAAAAOYE\/oubBHrD-InI\/s1600\/ha-hare-3-3.jpg\"><img loading=\"lazy\" decoding=\"async\" alt=\"\" src=\"http:\/\/2.bp.blogspot.com\/-xMe64xgkh2s\/UkMHBieVBzI\/AAAAAAAAOYE\/oubBHrD-InI\/s640\/ha-hare-3-3.jpg\" width=\"640\" height=\"426\" border=\"0\" \/><\/a><\/div>\n<div><a href=\"http:\/\/4.bp.blogspot.com\/-YjqJWDJYIF0\/UkMG6yH1abI\/AAAAAAAAOX8\/1Yhj1PR2MgE\/s1600\/563599_620929041283438_1111086593_n.jpg\"><img loading=\"lazy\" decoding=\"async\" alt=\"\" src=\"http:\/\/4.bp.blogspot.com\/-YjqJWDJYIF0\/UkMG6yH1abI\/AAAAAAAAOX8\/1Yhj1PR2MgE\/s640\/563599_620929041283438_1111086593_n.jpg\" width=\"640\" height=\"640\" border=\"0\" \/><\/a><\/div>\n<div><span>Quem quiser reproduzir este ombr\u00e9 lips, me envie uma foto com a hashtag <span>&#8220;ombr\u00e9janamakeup&#8221;<\/span> ou pelo twitter =)<\/span><\/div>\n<div><span>\u00a0<\/span><\/div>\n<div><span>Espero que tenham gostado!<\/span><\/div>\n<div><span>\u00a0<\/span><\/div>\n<div><\/div>\n<div><span>Beijos e at\u00e9 o pr\u00f3ximo post!<\/span><\/div>\n<div><span>Jana Make Up<\/span><\/div>\n<p><span><br \/>\n<\/span><span><br \/>\n<\/span><span><br \/>\n<\/span><\/p>\n<!--CusAds0-->\n<div style=\"font-size: 0px; height: 0px; line-height: 0px; margin: 0; padding: 0; clear: both;\"><\/div>","protected":false},"excerpt":{"rendered":"<p>Oi amores, tudo bom? O v\u00eddeo de hoje \u00e9 um tutorial de &#8220;Ombr\u00e9 Lips&#8221; utilizando batom vermelho, pink e laranja. \u00c9\u00a0super r\u00e1pido e f\u00e1cil e vai estar super em alta agora no ver\u00e3o! Uma maneira diferente de destacar os l\u00e1bios, sem ficar exagerado e voc\u00ea pode usar com uma maquiagem mais leve, ou carregar no [&hellip;]<\/p>\n","protected":false},"author":1,"featured_media":0,"comment_status":"open","ping_status":"open","sticky":false,"template":"","format":"standard","meta":{"footnotes":""},"categories":[34],"tags":[33],"class_list":["post-34","post","type-post","status-publish","format-standard","hentry","category-tutorial","tag-ombre-lips"],"_links":{"self":[{"href":"http:\/\/janamakeup.com.br\/blog\/wp-json\/wp\/v2\/posts\/34","targetHints":{"allow":["GET"]}}],"collection":[{"href":"http:\/\/janamakeup.com.br\/blog\/wp-json\/wp\/v2\/posts"}],"about":[{"href":"http:\/\/janamakeup.com.br\/blog\/wp-json\/wp\/v2\/types\/post"}],"author":[{"embeddable":true,"href":"http:\/\/janamakeup.com.br\/blog\/wp-json\/wp\/v2\/users\/1"}],"replies":[{"embeddable":true,"href":"http:\/\/janamakeup.com.br\/blog\/wp-json\/wp\/v2\/comments?post=34"}],"version-history":[{"count":2,"href":"http:\/\/janamakeup.com.br\/blog\/wp-json\/wp\/v2\/posts\/34\/revisions"}],"predecessor-version":[{"id":1372,"href":"http:\/\/janamakeup.com.br\/blog\/wp-json\/wp\/v2\/posts\/34\/revisions\/1372"}],"wp:attachment":[{"href":"http:\/\/janamakeup.com.br\/blog\/wp-json\/wp\/v2\/media?parent=34"}],"wp:term":[{"taxonomy":"category","embeddable":true,"href":"http:\/\/janamakeup.com.br\/blog\/wp-json\/wp\/v2\/categories?post=34"},{"taxonomy":"post_tag","embeddable":true,"href":"http:\/\/janamakeup.com.br\/blog\/wp-json\/wp\/v2\/tags?post=34"}],"curies":[{"name":"wp","href":"https:\/\/api.w.org\/{rel}","templated":true}]}}