{"id":2516,"date":"2014-05-11T22:34:45","date_gmt":"2014-05-11T22:34:45","guid":{"rendered":"http:\/\/janamakeup.com.br\/?p=2516"},"modified":"2014-05-11T22:35:35","modified_gmt":"2014-05-11T22:35:35","slug":"vlog-meu-final-de-semana-em-sp","status":"publish","type":"post","link":"http:\/\/janamakeup.com.br\/blog\/vlog-meu-final-de-semana-em-sp\/","title":{"rendered":"VLOG: Meu final de semana em SP!"},"content":{"rendered":"<p><a href=\"http:\/\/https:\/\/janamakeup.com.br\/blog\/wp-content\/uploads\/2014\/05\/capavideo2.jpg\"><img loading=\"lazy\" decoding=\"async\" class=\"aligncenter size-full wp-image-2517\" alt=\"capavideo2\" src=\"http:\/\/https:\/\/janamakeup.com.br\/blog\/wp-content\/uploads\/2014\/05\/capavideo2.jpg\" width=\"1280\" height=\"720\" srcset=\"http:\/\/janamakeup.com.br\/blog\/wp-content\/uploads\/2014\/05\/capavideo2.jpg 1280w, http:\/\/janamakeup.com.br\/blog\/wp-content\/uploads\/2014\/05\/capavideo2-300x168.jpg 300w, http:\/\/janamakeup.com.br\/blog\/wp-content\/uploads\/2014\/05\/capavideo2-1024x576.jpg 1024w\" sizes=\"auto, (max-width: 1280px) 100vw, 1280px\" \/><\/a><\/p>\n<p>Oi amores, tudo bem? Como foi o domingo de voc\u00eas? Eu aproveitei para comemorar o dia das m\u00e3es, ao lado da minha rainha! Foi um dia incr\u00edvel junto com a minha fam\u00edlia, rodeado de amor e muitas risadas!\u00a0\u2665 Gravei um v\u00eddeo super divertido e especial nesse dia, mas provavelmente s\u00f3 entrar\u00e1 no canal amanh\u00e3, tudo bem? Juro que voc\u00eas v\u00e3o amar! <del>haha.\u00a0<\/del> Hoje trago o t\u00e3o esperado vlog que gravei em S\u00e3o Paulo na semana passada! Sei que voc\u00eas gostam muito desse tipo de v\u00eddeo e sempre que posso, gravo alguns trechos do nosso dia-a-dia para as minhas leitoras lindas! \ud83d\ude42 <span style=\"color: #ff99cc;\">Vamos conferir?<\/span><\/p>\n<p><iframe loading=\"lazy\" src=\"\/\/www.youtube.com\/embed\/6qZBpKNoDlk?list=UUX_T68sqLsSuFF3QHFjQJ2A\" height=\"450\" width=\"740\" allowfullscreen=\"\" frameborder=\"0\"><\/iframe><\/p>\n<p>Gosto desse tipo de v\u00eddeo por ser mais pessoal, sinto que ficamos mais pr\u00f3ximas e amigas! \ud83d\ude42 Me contem nos coment\u00e1rios se gostam de vlogs e n\u00e3o esque\u00e7am de positivas <span style=\"color: #ff99cc;\">MUITO<\/span> o v\u00eddeo, assim farei mais vezes!\u00a0\u2665<\/p>\n<p>N\u00e3o se esque\u00e7am de se inscrever no canal, <a href=\"http:\/\/www.youtube.com\/janamakeup\">AQUI<\/a>.<\/p>\n<p>&nbsp;<\/p>\n<p>&nbsp;<\/p>\n<!--CusAds0-->\n<div style=\"font-size: 0px; height: 0px; line-height: 0px; margin: 0; padding: 0; clear: both;\"><\/div>","protected":false},"excerpt":{"rendered":"<p>Oi amores, tudo bem? Como foi o domingo de voc\u00eas? Eu aproveitei para comemorar o dia das m\u00e3es, ao lado da minha rainha! Foi um dia incr\u00edvel junto com a minha fam\u00edlia, rodeado de amor e muitas risadas!\u00a0\u2665 Gravei um v\u00eddeo super divertido e especial nesse dia, mas provavelmente s\u00f3 entrar\u00e1 no canal amanh\u00e3, tudo [&hellip;]<\/p>\n","protected":false},"author":1,"featured_media":0,"comment_status":"open","ping_status":"open","sticky":false,"template":"","format":"standard","meta":{"footnotes":""},"categories":[1],"tags":[],"class_list":["post-2516","post","type-post","status-publish","format-standard","hentry","category-outros"],"_links":{"self":[{"href":"http:\/\/janamakeup.com.br\/blog\/wp-json\/wp\/v2\/posts\/2516","targetHints":{"allow":["GET"]}}],"collection":[{"href":"http:\/\/janamakeup.com.br\/blog\/wp-json\/wp\/v2\/posts"}],"about":[{"href":"http:\/\/janamakeup.com.br\/blog\/wp-json\/wp\/v2\/types\/post"}],"author":[{"embeddable":true,"href":"http:\/\/janamakeup.com.br\/blog\/wp-json\/wp\/v2\/users\/1"}],"replies":[{"embeddable":true,"href":"http:\/\/janamakeup.com.br\/blog\/wp-json\/wp\/v2\/comments?post=2516"}],"version-history":[{"count":4,"href":"http:\/\/janamakeup.com.br\/blog\/wp-json\/wp\/v2\/posts\/2516\/revisions"}],"predecessor-version":[{"id":2521,"href":"http:\/\/janamakeup.com.br\/blog\/wp-json\/wp\/v2\/posts\/2516\/revisions\/2521"}],"wp:attachment":[{"href":"http:\/\/janamakeup.com.br\/blog\/wp-json\/wp\/v2\/media?parent=2516"}],"wp:term":[{"taxonomy":"category","embeddable":true,"href":"http:\/\/janamakeup.com.br\/blog\/wp-json\/wp\/v2\/categories?post=2516"},{"taxonomy":"post_tag","embeddable":true,"href":"http:\/\/janamakeup.com.br\/blog\/wp-json\/wp\/v2\/tags?post=2516"}],"curies":[{"name":"wp","href":"https:\/\/api.w.org\/{rel}","templated":true}]}}