{"id":1585,"date":"2014-01-27T19:22:42","date_gmt":"2014-01-27T19:22:42","guid":{"rendered":"http:\/\/janamakeup.com.br\/?p=1585"},"modified":"2014-01-27T19:22:42","modified_gmt":"2014-01-27T19:22:42","slug":"make-para-escolafaculdade","status":"publish","type":"post","link":"http:\/\/janamakeup.com.br\/blog\/make-para-escolafaculdade\/","title":{"rendered":"Make para Escola\/Faculdade"},"content":{"rendered":"<p><a href=\"http:\/\/https:\/\/janamakeup.com.br\/blog\/wp-content\/uploads\/2014\/01\/ha-hare-3-3.jpg\"><img loading=\"lazy\" decoding=\"async\" class=\"aligncenter size-full wp-image-1586\" alt=\"ha-hare-3-3\" src=\"http:\/\/https:\/\/janamakeup.com.br\/blog\/wp-content\/uploads\/2014\/01\/ha-hare-3-3.jpg\" width=\"2300\" height=\"1533\" srcset=\"http:\/\/janamakeup.com.br\/blog\/wp-content\/uploads\/2014\/01\/ha-hare-3-3.jpg 2300w, http:\/\/janamakeup.com.br\/blog\/wp-content\/uploads\/2014\/01\/ha-hare-3-3-300x199.jpg 300w, http:\/\/janamakeup.com.br\/blog\/wp-content\/uploads\/2014\/01\/ha-hare-3-3-1024x682.jpg 1024w\" sizes=\"auto, (max-width: 2300px) 100vw, 2300px\" \/><\/a><\/p>\n<p>Oi amores, tudo bom? Recebi muitos pedidos para gravar uma make simples e f\u00e1cil para volta \u00e0s aulas! Escolhi cores bem clarinhas que real\u00e7am a nossa beleza natural sem parecer ousada e exagerada demais! Vamos conferir?<\/p>\n<p><iframe loading=\"lazy\" src=\"\/\/www.youtube.com\/embed\/9YS_B-BDgwA?list=UUX_T68sqLsSuFF3QHFjQJ2A\" height=\"450\" width=\"740\" allowfullscreen=\"\" frameborder=\"0\"><\/iframe><\/p>\n<p>Produtos Usados:<\/p>\n<p><span style=\"color: #ff99cc;\">PELE:<\/span><\/p>\n<ul>\n<li>Protetor Solar Bior\u00e9 FPS50<\/li>\n<li>Corretivo Prolong Wear NW20 &#8211; MAC<\/li>\n<li>Base Dream Matte Mousse &#8220;Medio&#8221; &#8211; Maybelline<\/li>\n<li>Blush &#8220;Raisin&#8221; &#8211; NYX<\/li>\n<\/ul>\n<p><span style=\"color: #ff99cc;\">OLHOS:<\/span><\/p>\n<ul>\n<li>Paint Pot MAC &#8211; Cor: &#8220;Bare Study&#8221;<\/li>\n<li>L\u00e1pis para Olhos Marrom &#8211; Bourjois<\/li>\n<li>M\u00e1scara de c\u00edlios Eudora &#8220;Maximize your Lashes&#8221;<\/li>\n<\/ul>\n<p><span style=\"color: #ff99cc;\">L\u00c1BIOS:<\/span><\/p>\n<ul>\n<li>Batom &#8220;Cupcake&#8221; Dailus<\/li>\n<li>Gloss Intense &#8211; O Botic\u00e1rio<\/li>\n<\/ul>\n<p><a href=\"http:\/\/https:\/\/janamakeup.com.br\/blog\/wp-content\/uploads\/2014\/01\/ha-hare-9-2.jpg\"><img loading=\"lazy\" decoding=\"async\" class=\"aligncenter size-full wp-image-1587\" alt=\"ha-hare-9-2\" src=\"http:\/\/https:\/\/janamakeup.com.br\/blog\/wp-content\/uploads\/2014\/01\/ha-hare-9-2.jpg\" width=\"2300\" height=\"1533\" srcset=\"http:\/\/janamakeup.com.br\/blog\/wp-content\/uploads\/2014\/01\/ha-hare-9-2.jpg 2300w, http:\/\/janamakeup.com.br\/blog\/wp-content\/uploads\/2014\/01\/ha-hare-9-2-300x199.jpg 300w, http:\/\/janamakeup.com.br\/blog\/wp-content\/uploads\/2014\/01\/ha-hare-9-2-1024x682.jpg 1024w\" sizes=\"auto, (max-width: 2300px) 100vw, 2300px\" \/><\/a><\/p>\n<p>&nbsp;<\/p>\n<p>Espero que tenham gostado!<\/p>\n<!--CusAds0-->\n<div style=\"font-size: 0px; height: 0px; line-height: 0px; margin: 0; padding: 0; clear: both;\"><\/div>","protected":false},"excerpt":{"rendered":"<p>Oi amores, tudo bom? Recebi muitos pedidos para gravar uma make simples e f\u00e1cil para volta \u00e0s aulas! Escolhi cores bem clarinhas que real\u00e7am a nossa beleza natural sem parecer ousada e exagerada demais! Vamos conferir? Produtos Usados: PELE: Protetor Solar Bior\u00e9 FPS50 Corretivo Prolong Wear NW20 &#8211; MAC Base Dream Matte Mousse &#8220;Medio&#8221; &#8211; [&hellip;]<\/p>\n","protected":false},"author":1,"featured_media":0,"comment_status":"open","ping_status":"open","sticky":false,"template":"","format":"standard","meta":{"footnotes":""},"categories":[34],"tags":[],"class_list":["post-1585","post","type-post","status-publish","format-standard","hentry","category-tutorial"],"_links":{"self":[{"href":"http:\/\/janamakeup.com.br\/blog\/wp-json\/wp\/v2\/posts\/1585","targetHints":{"allow":["GET"]}}],"collection":[{"href":"http:\/\/janamakeup.com.br\/blog\/wp-json\/wp\/v2\/posts"}],"about":[{"href":"http:\/\/janamakeup.com.br\/blog\/wp-json\/wp\/v2\/types\/post"}],"author":[{"embeddable":true,"href":"http:\/\/janamakeup.com.br\/blog\/wp-json\/wp\/v2\/users\/1"}],"replies":[{"embeddable":true,"href":"http:\/\/janamakeup.com.br\/blog\/wp-json\/wp\/v2\/comments?post=1585"}],"version-history":[{"count":1,"href":"http:\/\/janamakeup.com.br\/blog\/wp-json\/wp\/v2\/posts\/1585\/revisions"}],"predecessor-version":[{"id":1588,"href":"http:\/\/janamakeup.com.br\/blog\/wp-json\/wp\/v2\/posts\/1585\/revisions\/1588"}],"wp:attachment":[{"href":"http:\/\/janamakeup.com.br\/blog\/wp-json\/wp\/v2\/media?parent=1585"}],"wp:term":[{"taxonomy":"category","embeddable":true,"href":"http:\/\/janamakeup.com.br\/blog\/wp-json\/wp\/v2\/categories?post=1585"},{"taxonomy":"post_tag","embeddable":true,"href":"http:\/\/janamakeup.com.br\/blog\/wp-json\/wp\/v2\/tags?post=1585"}],"curies":[{"name":"wp","href":"https:\/\/api.w.org\/{rel}","templated":true}]}}