{"id":1428,"date":"2014-01-10T15:45:54","date_gmt":"2014-01-10T15:45:54","guid":{"rendered":"http:\/\/janamakeup.com.br\/?p=1428"},"modified":"2014-01-10T15:45:54","modified_gmt":"2014-01-10T15:45:54","slug":"maquiagem-com-os-bracos-trocados","status":"publish","type":"post","link":"http:\/\/janamakeup.com.br\/blog\/maquiagem-com-os-bracos-trocados\/","title":{"rendered":"Maquiagem com os bra\u00e7os TROCADOS!"},"content":{"rendered":"<p><a href=\"http:\/\/https:\/\/janamakeup.com.br\/blog\/wp-content\/uploads\/2014\/01\/instagram.jpg\"><img loading=\"lazy\" decoding=\"async\" class=\"aligncenter size-full wp-image-1429\" alt=\"instagram\" src=\"http:\/\/https:\/\/janamakeup.com.br\/blog\/wp-content\/uploads\/2014\/01\/instagram.jpg\" width=\"640\" height=\"640\" srcset=\"http:\/\/janamakeup.com.br\/blog\/wp-content\/uploads\/2014\/01\/instagram.jpg 640w, http:\/\/janamakeup.com.br\/blog\/wp-content\/uploads\/2014\/01\/instagram-150x150.jpg 150w, http:\/\/janamakeup.com.br\/blog\/wp-content\/uploads\/2014\/01\/instagram-300x300.jpg 300w\" sizes=\"auto, (max-width: 640px) 100vw, 640px\" \/><\/a><\/p>\n<p>Oi amores, tudo bom? Hoje \u00e9 dia de v\u00eddeo novo! \\o\/ Voc\u00eas pediram muito para eu trazer o <a href=\"https:\/\/twitter.com\/Micheletti_\">Otto<\/a> novamente em algum dos v\u00eddeos, por isso decidimos gravar a tag: Maquiagem com os bra\u00e7os trocados. Ficou muito divertido, aposto que voc\u00eas v\u00e3o amar! Sofri sendo a cobaia, mas no final n\u00e3o \u00e9 que ele mandou bem mesmo? Editar os v\u00eddeos do Jana Make Up est\u00e1 fazendo com que ele aprenda algumas t\u00e9cnicas! hahaha \ud83d\ude00 Vamos conferir?<\/p>\n<p><iframe loading=\"lazy\" src=\"\/\/www.youtube.com\/embed\/nq-asaUGmF0?list=UUX_T68sqLsSuFF3QHFjQJ2A\" height=\"450\" width=\"740\" allowfullscreen=\"\" frameborder=\"0\"><\/iframe><\/p>\n<p>E a\u00ed, o que acharam amores? Deixem nos coment\u00e1rios! \ud83d\ude42<\/p>\n<p>&nbsp;<\/p>\n<!--CusAds0-->\n<div style=\"font-size: 0px; height: 0px; line-height: 0px; margin: 0; padding: 0; clear: both;\"><\/div>","protected":false},"excerpt":{"rendered":"<p>Oi amores, tudo bom? Hoje \u00e9 dia de v\u00eddeo novo! \\o\/ Voc\u00eas pediram muito para eu trazer o Otto novamente em algum dos v\u00eddeos, por isso decidimos gravar a tag: Maquiagem com os bra\u00e7os trocados. Ficou muito divertido, aposto que voc\u00eas v\u00e3o amar! Sofri sendo a cobaia, mas no final n\u00e3o \u00e9 que ele mandou [&hellip;]<\/p>\n","protected":false},"author":1,"featured_media":0,"comment_status":"open","ping_status":"open","sticky":false,"template":"","format":"standard","meta":{"footnotes":""},"categories":[34],"tags":[],"class_list":["post-1428","post","type-post","status-publish","format-standard","hentry","category-tutorial"],"_links":{"self":[{"href":"http:\/\/janamakeup.com.br\/blog\/wp-json\/wp\/v2\/posts\/1428","targetHints":{"allow":["GET"]}}],"collection":[{"href":"http:\/\/janamakeup.com.br\/blog\/wp-json\/wp\/v2\/posts"}],"about":[{"href":"http:\/\/janamakeup.com.br\/blog\/wp-json\/wp\/v2\/types\/post"}],"author":[{"embeddable":true,"href":"http:\/\/janamakeup.com.br\/blog\/wp-json\/wp\/v2\/users\/1"}],"replies":[{"embeddable":true,"href":"http:\/\/janamakeup.com.br\/blog\/wp-json\/wp\/v2\/comments?post=1428"}],"version-history":[{"count":1,"href":"http:\/\/janamakeup.com.br\/blog\/wp-json\/wp\/v2\/posts\/1428\/revisions"}],"predecessor-version":[{"id":1430,"href":"http:\/\/janamakeup.com.br\/blog\/wp-json\/wp\/v2\/posts\/1428\/revisions\/1430"}],"wp:attachment":[{"href":"http:\/\/janamakeup.com.br\/blog\/wp-json\/wp\/v2\/media?parent=1428"}],"wp:term":[{"taxonomy":"category","embeddable":true,"href":"http:\/\/janamakeup.com.br\/blog\/wp-json\/wp\/v2\/categories?post=1428"},{"taxonomy":"post_tag","embeddable":true,"href":"http:\/\/janamakeup.com.br\/blog\/wp-json\/wp\/v2\/tags?post=1428"}],"curies":[{"name":"wp","href":"https:\/\/api.w.org\/{rel}","templated":true}]}}