{"id":1257,"date":"2013-12-26T12:14:35","date_gmt":"2013-12-26T12:14:35","guid":{"rendered":"http:\/\/janamakeup.com.br\/?p=1257"},"modified":"2013-12-26T12:18:38","modified_gmt":"2013-12-26T12:18:38","slug":"arrume-se-comigo-noite-de-natal","status":"publish","type":"post","link":"http:\/\/janamakeup.com.br\/blog\/arrume-se-comigo-noite-de-natal\/","title":{"rendered":"Arrume-se comigo! Noite de NATAL"},"content":{"rendered":"<p><a href=\"http:\/\/https:\/\/janamakeup.com.br\/blog\/wp-content\/uploads\/2013\/12\/montagem-natal.jpg\"><img loading=\"lazy\" decoding=\"async\" class=\"aligncenter size-full wp-image-1258\" alt=\"montagem natal\" src=\"http:\/\/https:\/\/janamakeup.com.br\/blog\/wp-content\/uploads\/2013\/12\/montagem-natal.jpg\" width=\"1944\" height=\"1292\" srcset=\"http:\/\/janamakeup.com.br\/blog\/wp-content\/uploads\/2013\/12\/montagem-natal.jpg 1944w, http:\/\/janamakeup.com.br\/blog\/wp-content\/uploads\/2013\/12\/montagem-natal-300x199.jpg 300w, http:\/\/janamakeup.com.br\/blog\/wp-content\/uploads\/2013\/12\/montagem-natal-1024x680.jpg 1024w\" sizes=\"auto, (max-width: 1944px) 100vw, 1944px\" \/><\/a><\/p>\n<p>Oi amores tudo bom? Como passaram o Natal? O que fizeram? O que ganharam de presente? Me contem tudo! haha \ud83d\ude00 Aproveitei para gravar um v\u00eddeo MUITO especial para voc\u00eas: Get Ready With Me de NATAL! Eu amo essa \u00e9poca do ano, principalmente por estar reunida com toda a minha fam\u00edlia em homenagem ao anivers\u00e1rio de Jesus! Minha fam\u00edlia \u00e9 bem grande e a gente sempre se diverte muito, minha m\u00e3e prepara comidinhas deliciosas e eu AMO toda essa magia! N\u00e3o poderia deixar de gravar um v\u00eddeozinho especial n\u00e9? Vamos conferir?<\/p>\n<p><iframe loading=\"lazy\" src=\"\/\/www.youtube.com\/embed\/x6-GMMLHqHQ?list=UUX_T68sqLsSuFF3QHFjQJ2A\" height=\"450\" width=\"740\" allowfullscreen=\"\" frameborder=\"0\"><\/iframe><\/p>\n<p>P.S.: Algumas pessoas me pediram para gravar um v\u00eddeo mostrando os presentinhos de Natal. Quem quiser deixa nos coment\u00e1rios que eu gravarei em breve! \ud83d\ude42 FELIZ NATAL!<\/p>\n<p>Espero que tenham gostado!<\/p>\n<!--CusAds0-->\n<div style=\"font-size: 0px; height: 0px; line-height: 0px; margin: 0; padding: 0; clear: both;\"><\/div>","protected":false},"excerpt":{"rendered":"<p>Oi amores tudo bom? Como passaram o Natal? O que fizeram? O que ganharam de presente? Me contem tudo! haha \ud83d\ude00 Aproveitei para gravar um v\u00eddeo MUITO especial para voc\u00eas: Get Ready With Me de NATAL! Eu amo essa \u00e9poca do ano, principalmente por estar reunida com toda a minha fam\u00edlia em homenagem ao anivers\u00e1rio [&hellip;]<\/p>\n","protected":false},"author":1,"featured_media":0,"comment_status":"open","ping_status":"open","sticky":false,"template":"","format":"standard","meta":{"footnotes":""},"categories":[34],"tags":[],"class_list":["post-1257","post","type-post","status-publish","format-standard","hentry","category-tutorial"],"_links":{"self":[{"href":"http:\/\/janamakeup.com.br\/blog\/wp-json\/wp\/v2\/posts\/1257","targetHints":{"allow":["GET"]}}],"collection":[{"href":"http:\/\/janamakeup.com.br\/blog\/wp-json\/wp\/v2\/posts"}],"about":[{"href":"http:\/\/janamakeup.com.br\/blog\/wp-json\/wp\/v2\/types\/post"}],"author":[{"embeddable":true,"href":"http:\/\/janamakeup.com.br\/blog\/wp-json\/wp\/v2\/users\/1"}],"replies":[{"embeddable":true,"href":"http:\/\/janamakeup.com.br\/blog\/wp-json\/wp\/v2\/comments?post=1257"}],"version-history":[{"count":3,"href":"http:\/\/janamakeup.com.br\/blog\/wp-json\/wp\/v2\/posts\/1257\/revisions"}],"predecessor-version":[{"id":1261,"href":"http:\/\/janamakeup.com.br\/blog\/wp-json\/wp\/v2\/posts\/1257\/revisions\/1261"}],"wp:attachment":[{"href":"http:\/\/janamakeup.com.br\/blog\/wp-json\/wp\/v2\/media?parent=1257"}],"wp:term":[{"taxonomy":"category","embeddable":true,"href":"http:\/\/janamakeup.com.br\/blog\/wp-json\/wp\/v2\/categories?post=1257"},{"taxonomy":"post_tag","embeddable":true,"href":"http:\/\/janamakeup.com.br\/blog\/wp-json\/wp\/v2\/tags?post=1257"}],"curies":[{"name":"wp","href":"https:\/\/api.w.org\/{rel}","templated":true}]}}